{"id":2964,"date":"2016-05-24T10:01:11","date_gmt":"2016-05-24T08:01:11","guid":{"rendered":"http:\/\/www.ville-harnes.fr\/site\/?p=2964"},"modified":"2022-05-11T15:20:48","modified_gmt":"2022-05-11T13:20:48","slug":"bois-de-florimond","status":"publish","type":"post","link":"https:\/\/www.ville-harnes.fr\/site\/bois-de-florimond\/","title":{"rendered":"Bois de Florimond"},"content":{"rendered":"\t\t<div data-elementor-type=\"wp-post\" data-elementor-id=\"2964\" class=\"elementor elementor-2964\" data-elementor-post-type=\"post\">\n\t\t\t\t\t\t<section class=\"has_ma_el_bg_slider elementor-section elementor-top-section elementor-element elementor-element-47d5ead4 elementor-section-boxed elementor-section-height-default elementor-section-height-default jltma-glass-effect-no\" data-particle_enable=\"false\" data-particle-mobile-disabled=\"false\" data-id=\"47d5ead4\" data-element_type=\"section\">\n\t\t\t\t\t\t<div class=\"elementor-container elementor-column-gap-default\">\n\t\t\t\t\t<div class=\"has_ma_el_bg_slider elementor-column elementor-col-100 elementor-top-column elementor-element elementor-element-2593c2f5 jltma-glass-effect-no\" data-id=\"2593c2f5\" data-element_type=\"column\">\n\t\t\t<div class=\"elementor-widget-wrap elementor-element-populated\">\n\t\t\t\t\t\t<div class=\"elementor-element elementor-element-bd34d86 jltma-glass-effect-no elementor-widget elementor-widget-text-editor\" data-id=\"bd34d86\" data-element_type=\"widget\" data-settings=\"{&quot;ekit_we_effect_on&quot;:&quot;none&quot;}\" data-widget_type=\"text-editor.default\">\n\t\t\t\t<div class=\"elementor-widget-container\">\n\t\t\t<style>\/*! elementor - v3.20.0 - 20-03-2024 *\/\n.elementor-widget-text-editor.elementor-drop-cap-view-stacked .elementor-drop-cap{background-color:#69727d;color:#fff}.elementor-widget-text-editor.elementor-drop-cap-view-framed .elementor-drop-cap{color:#69727d;border:3px solid;background-color:transparent}.elementor-widget-text-editor:not(.elementor-drop-cap-view-default) .elementor-drop-cap{margin-top:8px}.elementor-widget-text-editor:not(.elementor-drop-cap-view-default) .elementor-drop-cap-letter{width:1em;height:1em}.elementor-widget-text-editor .elementor-drop-cap{float:left;text-align:center;line-height:1;font-size:50px}.elementor-widget-text-editor .elementor-drop-cap-letter{display:inline-block}<\/style>\t\t\t\t<div class=\"post-cover-head\" style=\"text-align: justify;\"><div class=\"box success  \"><div class=\"box-inner-block\"><i class=\"fa tie-shortcode-boxicon\"><\/i>\n\t\t\tUnique dans la r\u00e9gion pour sa vocation de traitement des eaux us\u00e9es, serti d\u2019un prestigieux prix europ\u00e9en pour son am\u00e9nagement paysager, le lagunage de Harnes reste m\u00e9connu. Et pourtant il se visite\u2026\n\t\t\t<\/div><\/div><\/div>\n<blockquote>\n<p class=\"spip\" style=\"text-align: justify;\"><span style=\"color: #318cbd;\">\u00ab\u00a0Regardez, un h\u00e9ron cendr\u00e9 prend son envol.\u00a0\u00bb<\/span><\/p>\n<\/blockquote>\n<p class=\"spip\" style=\"text-align: justify;\">Le pied a peine pos\u00e9 sur les abords du lagunage de Harnes que votre guide du jour a de quoi vous rappeler qu\u2019ici, un \u00e9cosyst\u00e8me a fait son nid\u2026\n200 esp\u00e8ces de plantes et 76 d\u2019oiseaux sont ainsi recens\u00e9es dans ce surprenant site aux allures de marais.<\/p>\n<p class=\"spip\" style=\"text-align: justify;\">Mais paysage, faune et flore ne doivent pas faire oublier que le lagunage a, depuis sa cr\u00e9ation en 2002 sur l\u2019ancienne fosse 9, des vertus bien plus pratiques. Du genre ancr\u00e9es dans votre quotidien\u00a0: ici, \u00e0 raison du d\u00e9bit de 1500 \u00e0 3000 m<sup>3<\/sup> par jour, ce sont en effet des eaux domestiques que l\u2019on traite. Le proc\u00e9d\u00e9 se veut 100% naturel\u00a0: dans huit bassins serpentent des eaux provenant de la voisine station d\u2019\u00e9puration de Fouqui\u00e8res-lez-Lens. Des plantes, choisies pour leur qualit\u00e9 de filtrage, s\u2019y chargent d\u2019ing\u00e9rer des substances comme les nitrates et phosphates, fruits de nos produits de lessive.<\/p>\n<p class=\"spip\" style=\"text-align: justify;\"><a href=\"http:\/\/www.ville-harnes.fr\/site\/wp-content\/uploads\/2016\/01\/Harnes_durable.png\"><img fetchpriority=\"high\" decoding=\"async\" class=\" wp-image-2340 alignleft\" src=\"http:\/\/www.ville-harnes.fr\/site\/wp-content\/uploads\/2016\/01\/Harnes_durable.png\" alt=\"Harnes_durable\" width=\"302\" height=\"190\" \/><\/a>Parmi ces v\u00e9g\u00e9taux bienfaisants tels que les joncs cuivr\u00e9s, les iris bleut\u00e9s, les nymph\u00e9as les sagittaires, se trouve \u00e9galement, la massette, commun\u00e9ment appel\u00e9e <em>\u00ab\u00a0biloute du cur\u00e9\u00a0\u00bb<\/em> par les anciens mineurs. C\u2019\u00e9tait \u00e0 l\u2019\u00e9poque o\u00f9 la fosse 9, \u00e0 cheval sur Harnes et Fouqui\u00e8res, \u00e9tait encore en activit\u00e9. Le temps a aujourd\u2019hui fait son \u0153uvre, <em>\u00abet la communaut\u00e9 d\u2019agglom\u00e9ration, dans sa comp\u00e9tence assainissement, a d\u00e9cid\u00e9 de reconvertir la friche en un compl\u00e9ment de la station d\u2019\u00e9puration de Fouqui\u00e8res.\u00bb<\/em><\/p>\n<p class=\"spip\" style=\"text-align: justify;\">A l\u2019issue des travaux entam\u00e9s en 1999 pour un co\u00fbt d\u20191,5 million d\u2019euros, les 7 hectares de bassin \u00e9taient fin pr\u00eats \u00e0 peaufiner l\u2019\u00e9puration d\u2019une partie des eaux us\u00e9es des foyers harn\u00e9siens et fouqui\u00e9rois. Un proc\u00e9d\u00e9 d\u2019autant moins friand en co\u00fbts que l\u2019entretien du site se limite \u00e0 la fauche des v\u00e9g\u00e9taux et \u00e0 l\u2019\u00e9vacuation des algues et autres lentilles. Autre particularit\u00e9, la touche r\u00e9solument \u00e9cologique des lieux\u00a0: bassins \u00e9tay\u00e9s en argile, gestion diff\u00e9renci\u00e9e des espaces verts, \u00e9oliennes actionnant des pompes.\nL\u2019objectif est qu\u2019un tiers des eaux rejet\u00e9es par la station d\u2019\u00e9puration de Fouqui\u00e8res, ainsi \u00ab\u00a0assainies\u00a0\u00bb, puisse alimenter le bassin final\u00a0: 1,5 hectare de surface, proche du ch\u00e2teau d\u2019eau, pr\u00e9vu pour accueillir des activit\u00e9s de loisirs nautiques et, si l\u2019efficacit\u00e9 est optimale, permettre la baignade.<\/p>\n<p class=\"spip\" style=\"text-align: justify;\"><div class=\"clear\"><\/div><div style=\"margin-top:20px; margin-bottom:20px;\" class=\"divider divider-dotted\"><\/div><\/p>\n<p class=\"spip\" style=\"text-align: justify;\">Au final, le site, agr\u00e9ment\u00e9 d\u2019un jeu de diguettes, offre un r\u00e9el attrait de promenade, salu\u00e9 en 2006 par un prix europ\u00e9en Barbara Rosa. Un <em>must<\/em> en mati\u00e8re d\u2019am\u00e9nagement paysager. D\u00e9cern\u00e9 par le jury international de la 4<sup>\u00e8me<\/sup> biennale du paysage de Barcelone, pr\u00e9sid\u00e9 par l\u2019architecte suisse Paolo B\u00fcrger, ce prix a r\u00e9compens\u00e9 une r\u00e9alisation \u00ab\u00a0esth\u00e9tique et po\u00e9tique\u00a0\u00bb ainsi que sa valeur \u00e9cologique et p\u00e9dagogique et son r\u00f4le dans la mutation du territoire.<\/p>\n<p class=\"spip\" style=\"text-align: justify;\"><a href=\"http:\/\/www.ville-harnes.fr\/site\/wp-content\/uploads\/2015\/12\/Bois-Florimond-2-e1450883778457.jpg\"><img decoding=\"async\" class=\" wp-image-1019 alignright\" src=\"http:\/\/www.ville-harnes.fr\/site\/wp-content\/uploads\/2015\/12\/Bois-Florimond-2-1024x678.jpg\" alt=\"Bois Florimond 2\" width=\"299\" height=\"198\" \/><\/a>Mais voil\u00e0, mis \u00e0 part pour certains \u00e9coliers (une dizaine de visites par an), les lieux restent m\u00e9connus. <em>\u00abCe sont surtout des habitu\u00e9s qui viennent promener leur chien\u00bb<\/em>. D\u2019autres <em>\u00abvisiteurs\u00bb<\/em> restent, eux, bien plus ind\u00e9sirables. Ceux \u00e0 l\u2019origine des fr\u00e9quents actes de vandalisme : tirs de carabine sur les panneaux, vols de grilles, d\u00e9gradation des \u00e9oliennes ou encore, passages \u00e0 motos pour rejoindre le terril voisin.<\/p>\n<p class=\"spip\" style=\"text-align: justify;\">Il est ces autres contretemps h\u00e9rit\u00e9s de dame nature. Comme ces sapes mini\u00e8res provoquant des fuites dans les bassins quand ce ne sont pas ces galeries creus\u00e9es par des rats musqu\u00e9s pour qui le triptyque <em>\u00abeau-nourriture-tranquilit\u00e9\u00bb<\/em> offert par le lagunage est un terrain plut\u00f4t favorable. Mais voil\u00e0 la preuve qu\u2019ici, la nature a encore ses droits.<\/p>\n<div class=\"clear\"><\/div><div style=\"margin-top:20px; margin-bottom:20px;\" class=\"divider divider-dotted\"><\/div>\n<h3><span style=\"color: #2d88a8;\">Accessibilit\u00e9 du Bois de Florimond<\/span><\/h3>\n<iframe style=\"border: none;\" title=\"widget-picto-1f1b1c93-a35a-44b0-85c3-d19772c196d5\" src=\"https:\/\/widget.pictoaccess.fr\/accessibility?uid=1f1b1c93-a35a-44b0-85c3-d19772c196d5&amp;button-color=81c25d\" width=\"400\" height=\"200\"> <span style=\"display: inline-block; width: 0px; overflow: hidden; line-height: 0;\" data-mce-type=\"bookmark\" class=\"mce_SELRES_start\">\ufeff<\/span><\/iframe>\n<h3><div class=\"clear\"><\/div><div style=\"margin-top:20px; margin-bottom:20px;\" class=\"divider divider-dotted\"><\/div><\/h3>\n<h3><span style=\"color: #2d88a8;\">Accessibilit\u00e9 du Lagunage<\/span><\/h3>\n<iframe style=\"border: none;\" title=\"widget-picto-562d938b-2917-499e-a9da-4c46eb527b69\" src=\"https:\/\/widget.pictoaccess.fr\/accessibility?uid=562d938b-2917-499e-a9da-4c46eb527b69&amp;button-color=81c25d\" width=\"400\" height=\"200\">\n<\/iframe>\t\t\t\t\t\t<\/div>\n\t\t\t\t<\/div>\n\t\t\t\t\t<\/div>\n\t\t<\/div>\n\t\t\t\t\t<\/div>\n\t\t<\/section>\n\t\t\t\t<\/div>\n\t\t","protected":false},"excerpt":{"rendered":"<p>\u00ab\u00a0Regardez, un h\u00e9ron cendr\u00e9 prend son envol.\u00a0\u00bb Le pied a peine pos\u00e9 sur les abords du lagunage de Harnes que votre guide du jour a de quoi vous rappeler qu\u2019ici, un \u00e9cosyst\u00e8me a fait son nid\u2026 200 esp\u00e8ces de plantes et 76 d\u2019oiseaux sont ainsi recens\u00e9es dans ce surprenant site aux allures de marais. Mais &hellip;<\/p>\n","protected":false},"author":2,"featured_media":2432,"comment_status":"closed","ping_status":"open","sticky":false,"template":"elementor_header_footer","format":"standard","meta":{"footnotes":""},"categories":[542,545],"tags":[],"_links":{"self":[{"href":"https:\/\/www.ville-harnes.fr\/site\/wp-json\/wp\/v2\/posts\/2964"}],"collection":[{"href":"https:\/\/www.ville-harnes.fr\/site\/wp-json\/wp\/v2\/posts"}],"about":[{"href":"https:\/\/www.ville-harnes.fr\/site\/wp-json\/wp\/v2\/types\/post"}],"author":[{"embeddable":true,"href":"https:\/\/www.ville-harnes.fr\/site\/wp-json\/wp\/v2\/users\/2"}],"replies":[{"embeddable":true,"href":"https:\/\/www.ville-harnes.fr\/site\/wp-json\/wp\/v2\/comments?post=2964"}],"version-history":[{"count":16,"href":"https:\/\/www.ville-harnes.fr\/site\/wp-json\/wp\/v2\/posts\/2964\/revisions"}],"predecessor-version":[{"id":15330,"href":"https:\/\/www.ville-harnes.fr\/site\/wp-json\/wp\/v2\/posts\/2964\/revisions\/15330"}],"wp:featuredmedia":[{"embeddable":true,"href":"https:\/\/www.ville-harnes.fr\/site\/wp-json\/wp\/v2\/media\/2432"}],"wp:attachment":[{"href":"https:\/\/www.ville-harnes.fr\/site\/wp-json\/wp\/v2\/media?parent=2964"}],"wp:term":[{"taxonomy":"category","embeddable":true,"href":"https:\/\/www.ville-harnes.fr\/site\/wp-json\/wp\/v2\/categories?post=2964"},{"taxonomy":"post_tag","embeddable":true,"href":"https:\/\/www.ville-harnes.fr\/site\/wp-json\/wp\/v2\/tags?post=2964"}],"curies":[{"name":"wp","href":"https:\/\/api.w.org\/{rel}","templated":true}]}}