{"id":20813,"date":"2024-08-23T15:54:39","date_gmt":"2024-08-23T13:54:39","guid":{"rendered":"https:\/\/www.ville-harnes.fr\/site\/?p=20813"},"modified":"2024-08-23T15:59:20","modified_gmt":"2024-08-23T13:59:20","slug":"associations-de-jumelage","status":"publish","type":"post","link":"https:\/\/www.ville-harnes.fr\/site\/associations-de-jumelage\/","title":{"rendered":"Associations de Jumelage"},"content":{"rendered":"\t\t<div data-elementor-type=\"wp-post\" data-elementor-id=\"20813\" class=\"elementor elementor-20813\" data-elementor-post-type=\"post\">\n\t\t\t\t\t\t<section class=\"has_ma_el_bg_slider elementor-section elementor-top-section elementor-element elementor-element-6b33abef elementor-section-boxed elementor-section-height-default elementor-section-height-default jltma-glass-effect-no\" data-particle_enable=\"false\" data-particle-mobile-disabled=\"false\" data-id=\"6b33abef\" data-element_type=\"section\">\n\t\t\t\t\t\t<div class=\"elementor-container elementor-column-gap-default\">\n\t\t\t\t\t<div class=\"has_ma_el_bg_slider elementor-column elementor-col-100 elementor-top-column elementor-element elementor-element-dc5124a jltma-glass-effect-no\" data-id=\"dc5124a\" data-element_type=\"column\">\n\t\t\t<div class=\"elementor-widget-wrap elementor-element-populated\">\n\t\t\t\t\t\t<div class=\"elementor-element elementor-element-2a889333 jltma-glass-effect-no elementor-widget elementor-widget-image\" data-id=\"2a889333\" data-element_type=\"widget\" data-settings=\"{&quot;ekit_we_effect_on&quot;:&quot;none&quot;}\" data-widget_type=\"image.default\">\n\t\t\t\t<div class=\"elementor-widget-container\">\n\t\t\t<style>\/*! elementor - v3.20.0 - 20-03-2024 *\/\n.elementor-widget-image{text-align:center}.elementor-widget-image a{display:inline-block}.elementor-widget-image a img[src$=\".svg\"]{width:48px}.elementor-widget-image img{vertical-align:middle;display:inline-block}<\/style>\t\t\t\t\t\t\t\t\t\t<img fetchpriority=\"high\" decoding=\"async\" width=\"618\" height=\"325\" src=\"https:\/\/www.ville-harnes.fr\/site\/wp-content\/uploads\/2016\/10\/Association-Harnes-1024x539.jpg\" class=\"attachment-large size-large wp-image-20728\" alt=\"\" srcset=\"https:\/\/www.ville-harnes.fr\/site\/wp-content\/uploads\/2016\/10\/Association-Harnes-1024x539.jpg 1024w, https:\/\/www.ville-harnes.fr\/site\/wp-content\/uploads\/2016\/10\/Association-Harnes-300x158.jpg 300w, https:\/\/www.ville-harnes.fr\/site\/wp-content\/uploads\/2016\/10\/Association-Harnes-768x404.jpg 768w, https:\/\/www.ville-harnes.fr\/site\/wp-content\/uploads\/2016\/10\/Association-Harnes-1536x809.jpg 1536w, https:\/\/www.ville-harnes.fr\/site\/wp-content\/uploads\/2016\/10\/Association-Harnes-2048x1078.jpg 2048w\" sizes=\"(max-width: 618px) 100vw, 618px\" \/>\t\t\t\t\t\t\t\t\t\t\t\t\t<\/div>\n\t\t\t\t<\/div>\n\t\t\t\t\t<\/div>\n\t\t<\/div>\n\t\t\t\t\t<\/div>\n\t\t<\/section>\n\t\t\t\t<section class=\"has_ma_el_bg_slider elementor-section elementor-top-section elementor-element elementor-element-14f2b092 elementor-section-boxed elementor-section-height-default elementor-section-height-default jltma-glass-effect-no\" data-particle_enable=\"false\" data-particle-mobile-disabled=\"false\" data-id=\"14f2b092\" data-element_type=\"section\">\n\t\t\t\t\t\t<div class=\"elementor-container elementor-column-gap-default\">\n\t\t\t\t\t<div class=\"has_ma_el_bg_slider elementor-column elementor-col-100 elementor-top-column elementor-element elementor-element-34a40b12 jltma-glass-effect-no\" data-id=\"34a40b12\" data-element_type=\"column\">\n\t\t\t<div class=\"elementor-widget-wrap elementor-element-populated\">\n\t\t\t\t\t\t<div class=\"elementor-element elementor-element-3c06cac3 elementor-widget-divider--view-line jltma-glass-effect-no elementor-widget elementor-widget-divider\" data-id=\"3c06cac3\" data-element_type=\"widget\" data-settings=\"{&quot;ekit_we_effect_on&quot;:&quot;none&quot;}\" data-widget_type=\"divider.default\">\n\t\t\t\t<div class=\"elementor-widget-container\">\n\t\t\t<style>\/*! elementor - v3.20.0 - 20-03-2024 *\/\n.elementor-widget-divider{--divider-border-style:none;--divider-border-width:1px;--divider-color:#0c0d0e;--divider-icon-size:20px;--divider-element-spacing:10px;--divider-pattern-height:24px;--divider-pattern-size:20px;--divider-pattern-url:none;--divider-pattern-repeat:repeat-x}.elementor-widget-divider .elementor-divider{display:flex}.elementor-widget-divider .elementor-divider__text{font-size:15px;line-height:1;max-width:95%}.elementor-widget-divider .elementor-divider__element{margin:0 var(--divider-element-spacing);flex-shrink:0}.elementor-widget-divider .elementor-icon{font-size:var(--divider-icon-size)}.elementor-widget-divider .elementor-divider-separator{display:flex;margin:0;direction:ltr}.elementor-widget-divider--view-line_icon .elementor-divider-separator,.elementor-widget-divider--view-line_text .elementor-divider-separator{align-items:center}.elementor-widget-divider--view-line_icon .elementor-divider-separator:after,.elementor-widget-divider--view-line_icon .elementor-divider-separator:before,.elementor-widget-divider--view-line_text .elementor-divider-separator:after,.elementor-widget-divider--view-line_text .elementor-divider-separator:before{display:block;content:\"\";border-block-end:0;flex-grow:1;border-block-start:var(--divider-border-width) var(--divider-border-style) var(--divider-color)}.elementor-widget-divider--element-align-left .elementor-divider .elementor-divider-separator>.elementor-divider__svg:first-of-type{flex-grow:0;flex-shrink:100}.elementor-widget-divider--element-align-left .elementor-divider-separator:before{content:none}.elementor-widget-divider--element-align-left .elementor-divider__element{margin-left:0}.elementor-widget-divider--element-align-right .elementor-divider .elementor-divider-separator>.elementor-divider__svg:last-of-type{flex-grow:0;flex-shrink:100}.elementor-widget-divider--element-align-right .elementor-divider-separator:after{content:none}.elementor-widget-divider--element-align-right .elementor-divider__element{margin-right:0}.elementor-widget-divider--element-align-start .elementor-divider .elementor-divider-separator>.elementor-divider__svg:first-of-type{flex-grow:0;flex-shrink:100}.elementor-widget-divider--element-align-start .elementor-divider-separator:before{content:none}.elementor-widget-divider--element-align-start .elementor-divider__element{margin-inline-start:0}.elementor-widget-divider--element-align-end .elementor-divider .elementor-divider-separator>.elementor-divider__svg:last-of-type{flex-grow:0;flex-shrink:100}.elementor-widget-divider--element-align-end .elementor-divider-separator:after{content:none}.elementor-widget-divider--element-align-end .elementor-divider__element{margin-inline-end:0}.elementor-widget-divider:not(.elementor-widget-divider--view-line_text):not(.elementor-widget-divider--view-line_icon) .elementor-divider-separator{border-block-start:var(--divider-border-width) var(--divider-border-style) var(--divider-color)}.elementor-widget-divider--separator-type-pattern{--divider-border-style:none}.elementor-widget-divider--separator-type-pattern.elementor-widget-divider--view-line .elementor-divider-separator,.elementor-widget-divider--separator-type-pattern:not(.elementor-widget-divider--view-line) .elementor-divider-separator:after,.elementor-widget-divider--separator-type-pattern:not(.elementor-widget-divider--view-line) .elementor-divider-separator:before,.elementor-widget-divider--separator-type-pattern:not([class*=elementor-widget-divider--view]) .elementor-divider-separator{width:100%;min-height:var(--divider-pattern-height);-webkit-mask-size:var(--divider-pattern-size) 100%;mask-size:var(--divider-pattern-size) 100%;-webkit-mask-repeat:var(--divider-pattern-repeat);mask-repeat:var(--divider-pattern-repeat);background-color:var(--divider-color);-webkit-mask-image:var(--divider-pattern-url);mask-image:var(--divider-pattern-url)}.elementor-widget-divider--no-spacing{--divider-pattern-size:auto}.elementor-widget-divider--bg-round{--divider-pattern-repeat:round}.rtl .elementor-widget-divider .elementor-divider__text{direction:rtl}.e-con-inner>.elementor-widget-divider,.e-con>.elementor-widget-divider{width:var(--container-widget-width,100%);--flex-grow:var(--container-widget-flex-grow)}<\/style>\t\t<div class=\"elementor-divider\">\n\t\t\t<span class=\"elementor-divider-separator\">\n\t\t\t\t\t\t<\/span>\n\t\t<\/div>\n\t\t\t\t<\/div>\n\t\t\t\t<\/div>\n\t\t\t\t\t<\/div>\n\t\t<\/div>\n\t\t\t\t\t<\/div>\n\t\t<\/section>\n\t\t\t\t<section class=\"has_ma_el_bg_slider elementor-section elementor-top-section elementor-element elementor-element-6dbf947 elementor-section-boxed elementor-section-height-default elementor-section-height-default jltma-glass-effect-no\" data-particle_enable=\"false\" data-particle-mobile-disabled=\"false\" data-id=\"6dbf947\" data-element_type=\"section\">\n\t\t\t\t\t\t<div class=\"elementor-container elementor-column-gap-default\">\n\t\t\t\t\t<div class=\"has_ma_el_bg_slider elementor-column elementor-col-66 elementor-top-column elementor-element elementor-element-a835966 jltma-glass-effect-no\" data-id=\"a835966\" data-element_type=\"column\">\n\t\t\t<div class=\"elementor-widget-wrap elementor-element-populated\">\n\t\t\t\t\t\t<div class=\"elementor-element elementor-element-77e705c6 jltma-glass-effect-no elementor-widget elementor-widget-elementskit-heading\" data-id=\"77e705c6\" data-element_type=\"widget\" data-settings=\"{&quot;ekit_we_effect_on&quot;:&quot;none&quot;}\" data-widget_type=\"elementskit-heading.default\">\n\t\t\t\t<div class=\"elementor-widget-container\">\n\t\t\t<div class=\"ekit-wid-con\" ><div class=\"ekit-heading elementskit-section-title-wraper text_left   ekit_heading_tablet-   ekit_heading_mobile-\"><h2 class=\"ekit-heading--title elementskit-section-title \">Associations de Jumelage<\/h2><div class=\"ekit_heading_separetor_wraper ekit_heading_elementskit-border-divider\"><div class=\"elementskit-border-divider\"><\/div><\/div><\/div><\/div>\t\t<\/div>\n\t\t\t\t<\/div>\n\t\t\t\t\t<\/div>\n\t\t<\/div>\n\t\t\t\t<div class=\"has_ma_el_bg_slider elementor-column elementor-col-33 elementor-top-column elementor-element elementor-element-017c047 jltma-glass-effect-no\" data-id=\"017c047\" data-element_type=\"column\">\n\t\t\t<div class=\"elementor-widget-wrap elementor-element-populated\">\n\t\t\t\t\t\t<div class=\"elementor-element elementor-element-cabe316 elementor-align-right jltma-glass-effect-no elementor-widget elementor-widget-button\" data-id=\"cabe316\" data-element_type=\"widget\" data-settings=\"{&quot;ekit_we_effect_on&quot;:&quot;none&quot;}\" data-widget_type=\"button.default\">\n\t\t\t\t<div class=\"elementor-widget-container\">\n\t\t\t\t\t<div class=\"elementor-button-wrapper\">\n\t\t\t<a class=\"elementor-button elementor-button-link elementor-size-sm\" href=\"https:\/\/www.ville-harnes.fr\/site\/les-associations\/\">\n\t\t\t\t\t\t<span class=\"elementor-button-content-wrapper\">\n\t\t\t\t\t\t<span class=\"elementor-button-icon elementor-align-icon-left\">\n\t\t\t\t<i aria-hidden=\"true\" class=\"remixicon ri-skip-back-fill\"><\/i>\t\t\t<\/span>\n\t\t\t\t\t\t<span class=\"elementor-button-text\">Retour<\/span>\n\t\t<\/span>\n\t\t\t\t\t<\/a>\n\t\t<\/div>\n\t\t\t\t<\/div>\n\t\t\t\t<\/div>\n\t\t\t\t\t<\/div>\n\t\t<\/div>\n\t\t\t\t\t<\/div>\n\t\t<\/section>\n\t\t\t\t<section class=\"has_ma_el_bg_slider elementor-section elementor-top-section elementor-element elementor-element-44135e0a elementor-section-boxed elementor-section-height-default elementor-section-height-default jltma-glass-effect-no\" data-particle_enable=\"false\" data-particle-mobile-disabled=\"false\" data-id=\"44135e0a\" data-element_type=\"section\" data-settings=\"{&quot;background_background&quot;:&quot;classic&quot;}\">\n\t\t\t\t\t\t<div class=\"elementor-container elementor-column-gap-default\">\n\t\t\t\t\t<div class=\"has_ma_el_bg_slider elementor-column elementor-col-25 elementor-top-column elementor-element elementor-element-1225b66b jltma-glass-effect-no\" data-id=\"1225b66b\" data-element_type=\"column\">\n\t\t\t<div class=\"elementor-widget-wrap elementor-element-populated\">\n\t\t\t\t\t\t<div class=\"elementor-element elementor-element-45e89efe eael-infobox-content-align-center eael-infobox-shape-square eael-infobox-hover-img-shape-square jltma-glass-effect-no elementor-widget elementor-widget-eael-info-box\" data-id=\"45e89efe\" data-element_type=\"widget\" data-settings=\"{&quot;ekit_we_effect_on&quot;:&quot;none&quot;}\" data-widget_type=\"eael-info-box.default\">\n\t\t\t\t<div class=\"elementor-widget-container\">\n\t\t\t                    <div class=\"eael-infobox\">\n                    <div class=\"infobox-icon elementor-animation-shrink\">\n\n                            <img decoding=\"async\" src=\"https:\/\/www.ville-harnes.fr\/site\/wp-content\/uploads\/2024\/08\/Associations-de-Jumelage.jpg\" alt=\"\">\n            \n            \n            \n        <\/div>\n            <div class=\"infobox-content\">\n            <h3 class=\"title\">Amiti\u00e9 Harnes-Chrzan\u00f3w<\/h3>\n                                                                        <p><p>Si\u00e8ge Social : 19 bis rue des Fusill\u00e9s<br \/>But : Entretenir et promouvoir les traditions polonaises en encourageant les liens d'amiti\u00e9 avec la ville jumel\u00e9e de Chrzan\u00f3w<br \/>Pr\u00e9sidente : Annick WITKOWSKI<br \/>Mail : <a href=\"mailto:jumelage.harnes.chrzanow@gmail.com\">jumelage.harnes.chrzanow@gmail.com<\/a><\/p><p>\u00a0<\/p><p>\u00a0<\/p><p>\u00a0<\/p><\/p>\n                                                                            <\/div>\n    <\/div>\t\t<\/div>\n\t\t\t\t<\/div>\n\t\t\t\t\t<\/div>\n\t\t<\/div>\n\t\t\t\t<div class=\"has_ma_el_bg_slider elementor-column elementor-col-25 elementor-top-column elementor-element elementor-element-71d65c97 jltma-glass-effect-no\" data-id=\"71d65c97\" data-element_type=\"column\">\n\t\t\t<div class=\"elementor-widget-wrap elementor-element-populated\">\n\t\t\t\t\t\t<div class=\"elementor-element elementor-element-5fa704e5 eael-infobox-content-align-center eael-infobox-shape-square eael-infobox-hover-img-shape-square jltma-glass-effect-no elementor-widget elementor-widget-eael-info-box\" data-id=\"5fa704e5\" data-element_type=\"widget\" data-settings=\"{&quot;ekit_we_effect_on&quot;:&quot;none&quot;}\" data-widget_type=\"eael-info-box.default\">\n\t\t\t\t<div class=\"elementor-widget-container\">\n\t\t\t                    <div class=\"eael-infobox\">\n                    <div class=\"infobox-icon elementor-animation-shrink\">\n\n                            <img decoding=\"async\" src=\"https:\/\/www.ville-harnes.fr\/site\/wp-content\/uploads\/2024\/08\/Associations-de-Jumelage.jpg\" alt=\"\">\n            \n            \n            \n        <\/div>\n            <div class=\"infobox-content\">\n            <h3 class=\"title\">Amiti\u00e9 Harnes-Vendres<\/h3>\n                                                                        <p><p>Si\u00e8ge Social : Mairie - 35 rue des Fusill\u00e9s<br \/>But : D\u00e9velopper les rencontres d\u2019amiti\u00e9 entre les deux communes<br \/>T\u00e9l : 03.21.79.42.79<\/p><p>\u00a0<\/p><p>\u00a0<\/p><p>\u00a0<\/p><p>\u00a0<\/p><p>\u00a0<\/p><p>\u00a0<\/p><p>\u00a0<\/p><\/p>\n                                                                            <\/div>\n    <\/div>\t\t<\/div>\n\t\t\t\t<\/div>\n\t\t\t\t\t<\/div>\n\t\t<\/div>\n\t\t\t\t<div class=\"has_ma_el_bg_slider elementor-column elementor-col-25 elementor-top-column elementor-element elementor-element-42764acd jltma-glass-effect-no\" data-id=\"42764acd\" data-element_type=\"column\">\n\t\t\t<div class=\"elementor-widget-wrap elementor-element-populated\">\n\t\t\t\t\t\t<div class=\"elementor-element elementor-element-3e94ccaf eael-infobox-content-align-center eael-infobox-shape-square eael-infobox-hover-img-shape-square jltma-glass-effect-no elementor-widget elementor-widget-eael-info-box\" data-id=\"3e94ccaf\" data-element_type=\"widget\" data-settings=\"{&quot;ekit_we_effect_on&quot;:&quot;none&quot;}\" data-widget_type=\"eael-info-box.default\">\n\t\t\t\t<div class=\"elementor-widget-container\">\n\t\t\t                    <div class=\"eael-infobox\">\n                    <div class=\"infobox-icon elementor-animation-shrink\">\n\n                            <img decoding=\"async\" src=\"https:\/\/www.ville-harnes.fr\/site\/wp-content\/uploads\/2024\/08\/Harnes-Falkenstein-Logo.jpg\" alt=\"\">\n            \n            \n            \n        <\/div>\n            <div class=\"infobox-content\">\n            <h3 class=\"title\">Amiti\u00e9 Harnes-Falkenstein<\/h3>\n                                                                        <p><p>Si\u00e8ge Social : Mairie - 35 rue des Fusill\u00e9s<br \/>But : Dans le cadre du jumelage, faire connaitre cette ville d\u2019Allemagne<br \/>Pr\u00e9sident : Pierre DEHAIES <br \/>Contact : <a class=\"moz-txt-link-abbreviated\" href=\"mailto:comite.harnes.falkenstein@laposte.net\">comite.harnes.falkenstein@laposte.net<\/a><br \/>T\u00e9l : 03.62.90.73.05<\/p><p>\u00a0<\/p><p>\u00a0<\/p><p>\u00a0<\/p><\/p>\n                                                                            <\/div>\n    <\/div>\t\t<\/div>\n\t\t\t\t<\/div>\n\t\t\t\t\t<\/div>\n\t\t<\/div>\n\t\t\t\t<div class=\"has_ma_el_bg_slider elementor-column elementor-col-25 elementor-top-column elementor-element elementor-element-53731c3b jltma-glass-effect-no\" data-id=\"53731c3b\" data-element_type=\"column\">\n\t\t\t<div class=\"elementor-widget-wrap elementor-element-populated\">\n\t\t\t\t\t\t<div class=\"elementor-element elementor-element-6ab18797 eael-infobox-content-align-center eael-infobox-shape-square eael-infobox-hover-img-shape-square jltma-glass-effect-no elementor-widget elementor-widget-eael-info-box\" data-id=\"6ab18797\" data-element_type=\"widget\" data-settings=\"{&quot;ekit_we_effect_on&quot;:&quot;none&quot;}\" data-widget_type=\"eael-info-box.default\">\n\t\t\t\t<div class=\"elementor-widget-container\">\n\t\t\t                    <div class=\"eael-infobox\">\n                    <div class=\"infobox-icon elementor-animation-shrink\">\n\n                            <img decoding=\"async\" src=\"https:\/\/www.ville-harnes.fr\/site\/wp-content\/uploads\/2024\/08\/Harnes-Kabouda-Logo.jpg\" alt=\"\">\n            \n            \n            \n        <\/div>\n            <div class=\"infobox-content\">\n            <h3 class=\"title\">Harnes-Kabouda<\/h3>\n                                                                        <p><p>Si\u00e8ge Social : Mairie - 35 rue des Fusill\u00e9s<br \/>But : l\u2019Association Harnes Kabouda a pour but d\u2019aider au d\u00e9veloppement de Kabouda, village du Burkina Faso situ\u00e9 \u00e0 120kms \u00e0 l\u2019est de la capitale Ouagadougou. <br \/>Pr\u00e9sident : Guy SERY<br \/>T\u00e9l. : 06 66 13 45 75<br \/>Site : <a href=\"https:\/\/www.facebook.com\/HarnesKabouda\/\">https:\/\/www.facebook.com\/HarnesKabouda\/<\/a><br \/>Mail : <a href=\"mailto:sery.guy@numericable.fr\">sery.guy@numericable.fr<\/a><\/p><p>\u00a0<\/p><\/p>\n                                                                            <\/div>\n    <\/div>\t\t<\/div>\n\t\t\t\t<\/div>\n\t\t\t\t\t<\/div>\n\t\t<\/div>\n\t\t\t\t\t<\/div>\n\t\t<\/section>\n\t\t\t\t<\/div>\n\t\t","protected":false},"excerpt":{"rendered":"<p>Associations de Jumelage Retour Amiti\u00e9 Harnes-Chrzan\u00f3w Si\u00e8ge Social : 19 bis rue des Fusill\u00e9sBut : Entretenir et promouvoir les traditions polonaises en encourageant les liens d&rsquo;amiti\u00e9 avec la ville jumel\u00e9e de Chrzan\u00f3wPr\u00e9sidente : Annick WITKOWSKIMail : jumelage.harnes.chrzanow@gmail.com \u00a0 \u00a0 \u00a0 Amiti\u00e9 Harnes-Vendres Si\u00e8ge Social : Mairie &#8211; 35 rue des Fusill\u00e9sBut : D\u00e9velopper les rencontres &hellip;<\/p>\n","protected":false},"author":2,"featured_media":20728,"comment_status":"closed","ping_status":"open","sticky":false,"template":"","format":"standard","meta":{"footnotes":""},"categories":[542],"tags":[],"_links":{"self":[{"href":"https:\/\/www.ville-harnes.fr\/site\/wp-json\/wp\/v2\/posts\/20813"}],"collection":[{"href":"https:\/\/www.ville-harnes.fr\/site\/wp-json\/wp\/v2\/posts"}],"about":[{"href":"https:\/\/www.ville-harnes.fr\/site\/wp-json\/wp\/v2\/types\/post"}],"author":[{"embeddable":true,"href":"https:\/\/www.ville-harnes.fr\/site\/wp-json\/wp\/v2\/users\/2"}],"replies":[{"embeddable":true,"href":"https:\/\/www.ville-harnes.fr\/site\/wp-json\/wp\/v2\/comments?post=20813"}],"version-history":[{"count":6,"href":"https:\/\/www.ville-harnes.fr\/site\/wp-json\/wp\/v2\/posts\/20813\/revisions"}],"predecessor-version":[{"id":20836,"href":"https:\/\/www.ville-harnes.fr\/site\/wp-json\/wp\/v2\/posts\/20813\/revisions\/20836"}],"wp:featuredmedia":[{"embeddable":true,"href":"https:\/\/www.ville-harnes.fr\/site\/wp-json\/wp\/v2\/media\/20728"}],"wp:attachment":[{"href":"https:\/\/www.ville-harnes.fr\/site\/wp-json\/wp\/v2\/media?parent=20813"}],"wp:term":[{"taxonomy":"category","embeddable":true,"href":"https:\/\/www.ville-harnes.fr\/site\/wp-json\/wp\/v2\/categories?post=20813"},{"taxonomy":"post_tag","embeddable":true,"href":"https:\/\/www.ville-harnes.fr\/site\/wp-json\/wp\/v2\/tags?post=20813"}],"curies":[{"name":"wp","href":"https:\/\/api.w.org\/{rel}","templated":true}]}}