{"id":14895,"date":"2022-02-23T15:31:53","date_gmt":"2022-02-23T14:31:53","guid":{"rendered":"https:\/\/www.ville-harnes.fr\/site\/?p=14895"},"modified":"2022-05-11T14:27:09","modified_gmt":"2022-05-11T12:27:09","slug":"permis-de-louer-permis-de-diviser","status":"publish","type":"post","link":"https:\/\/www.ville-harnes.fr\/site\/permis-de-louer-permis-de-diviser\/","title":{"rendered":"Permis de louer \/ Permis de diviser"},"content":{"rendered":"\t\t<div data-elementor-type=\"wp-post\" data-elementor-id=\"14895\" class=\"elementor elementor-14895\" data-elementor-post-type=\"post\">\n\t\t\t\t\t\t<section class=\"has_ma_el_bg_slider elementor-section elementor-top-section elementor-element elementor-element-31a1e5d3 elementor-section-boxed elementor-section-height-default elementor-section-height-default jltma-glass-effect-no\" data-particle_enable=\"false\" data-particle-mobile-disabled=\"false\" data-id=\"31a1e5d3\" data-element_type=\"section\">\n\t\t\t\t\t\t<div class=\"elementor-container elementor-column-gap-default\">\n\t\t\t\t\t<div class=\"has_ma_el_bg_slider elementor-column elementor-col-100 elementor-top-column elementor-element elementor-element-3676921e jltma-glass-effect-no\" data-id=\"3676921e\" data-element_type=\"column\">\n\t\t\t<div class=\"elementor-widget-wrap elementor-element-populated\">\n\t\t\t\t\t\t<div class=\"elementor-element elementor-element-79fec6f9 jltma-glass-effect-no elementor-widget elementor-widget-text-editor\" data-id=\"79fec6f9\" data-element_type=\"widget\" data-settings=\"{&quot;ekit_we_effect_on&quot;:&quot;none&quot;}\" data-widget_type=\"text-editor.default\">\n\t\t\t\t<div class=\"elementor-widget-container\">\n\t\t\t<style>\/*! elementor - v3.20.0 - 20-03-2024 *\/\n.elementor-widget-text-editor.elementor-drop-cap-view-stacked .elementor-drop-cap{background-color:#69727d;color:#fff}.elementor-widget-text-editor.elementor-drop-cap-view-framed .elementor-drop-cap{color:#69727d;border:3px solid;background-color:transparent}.elementor-widget-text-editor:not(.elementor-drop-cap-view-default) .elementor-drop-cap{margin-top:8px}.elementor-widget-text-editor:not(.elementor-drop-cap-view-default) .elementor-drop-cap-letter{width:1em;height:1em}.elementor-widget-text-editor .elementor-drop-cap{float:left;text-align:center;line-height:1;font-size:50px}.elementor-widget-text-editor .elementor-drop-cap-letter{display:inline-block}<\/style>\t\t\t\t<p><span dir=\"ltr\" role=\"presentation\"><div class=\"box info  \"><div class=\"box-inner-block\"><i class=\"fa tie-shortcode-boxicon\"><\/i>\n\t\t\tEn adh\u00e9rant aux dispositifs \u00abPermis de Louer\u00bb et \u00abPermis de Diviser\u00bb de la Communaut\u00e9 d\u2019Agglom\u00e9ration de Lens-Li\u00e9vin (CALL), la Municipalit\u00e9 renforce, non seulement, sa lutte contre l\u2019habitat indigne et assure un logement de qualit\u00e9 aux locataires, mais accompagne aussi les propri\u00e9taires bailleurs dans leurs travaux.\n\t\t\t<\/div><\/div><\/span><\/p>\t\t\t\t\t\t<\/div>\n\t\t\t\t<\/div>\n\t\t\t\t\t<\/div>\n\t\t<\/div>\n\t\t\t\t\t<\/div>\n\t\t<\/section>\n\t\t\t\t<section class=\"has_ma_el_bg_slider elementor-section elementor-top-section elementor-element elementor-element-b92d890 elementor-section-boxed elementor-section-height-default elementor-section-height-default jltma-glass-effect-no\" data-particle_enable=\"false\" data-particle-mobile-disabled=\"false\" data-id=\"b92d890\" data-element_type=\"section\" data-settings=\"{&quot;background_background&quot;:&quot;classic&quot;,&quot;shape_divider_top&quot;:&quot;pyramids&quot;}\">\n\t\t\t\t\t<div class=\"elementor-shape elementor-shape-top\" data-negative=\"false\">\n\t\t\t<svg xmlns=\"http:\/\/www.w3.org\/2000\/svg\" viewBox=\"0 0 1000 100\" preserveAspectRatio=\"none\">\n\t<path class=\"elementor-shape-fill\" d=\"M761.9,44.1L643.1,27.2L333.8,98L0,3.8V0l1000,0v3.9\"\/>\n<\/svg>\t\t<\/div>\n\t\t\t\t\t<div class=\"elementor-container elementor-column-gap-wide\">\n\t\t\t\t\t<div class=\"has_ma_el_bg_slider elementor-column elementor-col-66 elementor-top-column elementor-element elementor-element-5b2a976 jltma-glass-effect-no\" data-id=\"5b2a976\" data-element_type=\"column\">\n\t\t\t<div class=\"elementor-widget-wrap elementor-element-populated\">\n\t\t\t\t\t\t<div class=\"elementor-element elementor-element-72dad41 jltma-glass-effect-no elementor-widget elementor-widget-text-editor\" data-id=\"72dad41\" data-element_type=\"widget\" data-settings=\"{&quot;ekit_we_effect_on&quot;:&quot;none&quot;}\" data-widget_type=\"text-editor.default\">\n\t\t\t\t<div class=\"elementor-widget-container\">\n\t\t\t\t\t\t\t<h3><span style=\"color: #459bbf;\"><strong><span dir=\"ltr\" role=\"presentation\">Un cadre juridique<\/span><\/strong><\/span><\/h3><div>\u00a0<\/div><p style=\"text-align: justify;\"><span dir=\"ltr\" role=\"presentation\">La loi ALUR (Acc\u00e8s au Logement et un Urbanisme R\u00e9nov\u00e9) du <\/span><span dir=\"ltr\" role=\"presentation\">24 mars 2014 et ses d\u00e9crets permettent aux collectivit\u00e9s de <\/span><span dir=\"ltr\" role=\"presentation\">mieux contr\u00f4ler la qualit\u00e9 du parc locatif de leur territoire. Ils leur <\/span><span dir=\"ltr\" role=\"presentation\">offrent, en effet, la possibilit\u00e9 d\u2019instaurer les Permis de Louer et <\/span><span dir=\"ltr\" role=\"presentation\">Permis de Diviser dans une zone g\u00e9ographique donn\u00e9e.<\/span><\/p><p style=\"text-align: justify;\"><span dir=\"ltr\" role=\"presentation\">La loi Climat et R\u00e9silience du 22 ao\u00fbt 2021 interdit, quant \u00e0 elle, <\/span><span dir=\"ltr\" role=\"presentation\">d\u2019augmenter les loyers des logements \u00e9nergivores (classe F ou G) <\/span><span dir=\"ltr\" role=\"presentation\">pour les contrats conclus, renouvel\u00e9s ou tacitement reconduits <\/span><span dir=\"ltr\" role=\"presentation\">\u00e0 compter du 25 ao\u00fbt 2022. D\u00e8s 2023, les propri\u00e9taires de <\/span><span dir=\"ltr\" role=\"presentation\">logements class\u00e9s G devront r\u00e9aliser des travaux de r\u00e9novation <\/span><span dir=\"ltr\" role=\"presentation\">\u00e9nerg\u00e9tique s\u2019ils veulent augmenter le loyer. D\u00e8s 2025, il sera <\/span><span dir=\"ltr\" role=\"presentation\">ainsi interdit de louer les passoires thermiques class\u00e9es G ; et <\/span><span dir=\"ltr\" role=\"presentation\">d\u00e8s 2028, les logements class\u00e9s F et G ; d\u00e8s 2034, ceux class\u00e9s <\/span><span dir=\"ltr\" role=\"presentation\">de E \u00e0 G.<\/span><\/p>\t\t\t\t\t\t<\/div>\n\t\t\t\t<\/div>\n\t\t\t\t\t<\/div>\n\t\t<\/div>\n\t\t\t\t<div class=\"has_ma_el_bg_slider elementor-column elementor-col-33 elementor-top-column elementor-element elementor-element-07ed628 jltma-glass-effect-no\" data-id=\"07ed628\" data-element_type=\"column\">\n\t\t\t<div class=\"elementor-widget-wrap elementor-element-populated\">\n\t\t\t\t\t\t<div class=\"elementor-element elementor-element-9c2eab9 jltma-glass-effect-no elementor-widget elementor-widget-text-editor\" data-id=\"9c2eab9\" data-element_type=\"widget\" data-settings=\"{&quot;ekit_we_effect_on&quot;:&quot;none&quot;}\" data-widget_type=\"text-editor.default\">\n\t\t\t\t<div class=\"elementor-widget-container\">\n\t\t\t\t\t\t\t<h3><span style=\"color: #459bbf;\"><strong><span dir=\"ltr\" role=\"presentation\">En pratique<\/span><\/strong><\/span><\/h3><div>\u00a0<\/div><p style=\"text-align: justify;\"><span dir=\"ltr\" role=\"presentation\">Vous \u00eates propri\u00e9taire d\u2019un bien situ\u00e9 <\/span><span dir=\"ltr\" role=\"presentation\">dans le p\u00e9rim\u00e8tre de l\u2019OPAH-RU ? Vous <\/span><span dir=\"ltr\" role=\"presentation\">souhaitez le (re)mettre en location ou le <\/span><span dir=\"ltr\" role=\"presentation\">diviser en plusieurs logements ? Que ce <\/span><span dir=\"ltr\" role=\"presentation\">soit pour le Permis de Louer ou le Permis <\/span><span dir=\"ltr\" role=\"presentation\">de Diviser, rendez-vous sur https:\/\/ <\/span><span dir=\"ltr\" role=\"presentation\">permisdelouer.agglo-lenslievin.<\/span><span dir=\"ltr\" role=\"presentation\">fr\/. <\/span><\/p><p style=\"text-align: justify;\"><span dir=\"ltr\" role=\"presentation\">Des guides pratiques sont <\/span><span dir=\"ltr\" role=\"presentation\">disponibles \u00e0 l\u2019accueil de la <\/span><span dir=\"ltr\" role=\"presentation\">Mairie et au CCAS, ainsi que <\/span><span dir=\"ltr\" role=\"presentation\">sur le site internet de la Ville.<\/span><\/p>\t\t\t\t\t\t<\/div>\n\t\t\t\t<\/div>\n\t\t\t\t\t<\/div>\n\t\t<\/div>\n\t\t\t\t\t<\/div>\n\t\t<\/section>\n\t\t\t\t<section class=\"has_ma_el_bg_slider elementor-section elementor-top-section elementor-element elementor-element-6fd32b4 elementor-section-boxed elementor-section-height-default elementor-section-height-default jltma-glass-effect-no\" data-particle_enable=\"false\" data-particle-mobile-disabled=\"false\" data-id=\"6fd32b4\" data-element_type=\"section\">\n\t\t\t\t\t\t<div class=\"elementor-container elementor-column-gap-default\">\n\t\t\t\t\t<div class=\"has_ma_el_bg_slider elementor-column elementor-col-100 elementor-top-column elementor-element elementor-element-f5411a6 jltma-glass-effect-no\" data-id=\"f5411a6\" data-element_type=\"column\">\n\t\t\t<div class=\"elementor-widget-wrap elementor-element-populated\">\n\t\t\t\t\t\t<div class=\"elementor-element elementor-element-bddfb51 elementor-widget-divider--view-line jltma-glass-effect-no elementor-widget elementor-widget-divider\" data-id=\"bddfb51\" data-element_type=\"widget\" data-settings=\"{&quot;ekit_we_effect_on&quot;:&quot;none&quot;}\" data-widget_type=\"divider.default\">\n\t\t\t\t<div class=\"elementor-widget-container\">\n\t\t\t<style>\/*! elementor - v3.20.0 - 20-03-2024 *\/\n.elementor-widget-divider{--divider-border-style:none;--divider-border-width:1px;--divider-color:#0c0d0e;--divider-icon-size:20px;--divider-element-spacing:10px;--divider-pattern-height:24px;--divider-pattern-size:20px;--divider-pattern-url:none;--divider-pattern-repeat:repeat-x}.elementor-widget-divider .elementor-divider{display:flex}.elementor-widget-divider .elementor-divider__text{font-size:15px;line-height:1;max-width:95%}.elementor-widget-divider .elementor-divider__element{margin:0 var(--divider-element-spacing);flex-shrink:0}.elementor-widget-divider .elementor-icon{font-size:var(--divider-icon-size)}.elementor-widget-divider .elementor-divider-separator{display:flex;margin:0;direction:ltr}.elementor-widget-divider--view-line_icon .elementor-divider-separator,.elementor-widget-divider--view-line_text .elementor-divider-separator{align-items:center}.elementor-widget-divider--view-line_icon .elementor-divider-separator:after,.elementor-widget-divider--view-line_icon .elementor-divider-separator:before,.elementor-widget-divider--view-line_text .elementor-divider-separator:after,.elementor-widget-divider--view-line_text .elementor-divider-separator:before{display:block;content:\"\";border-block-end:0;flex-grow:1;border-block-start:var(--divider-border-width) var(--divider-border-style) var(--divider-color)}.elementor-widget-divider--element-align-left .elementor-divider .elementor-divider-separator>.elementor-divider__svg:first-of-type{flex-grow:0;flex-shrink:100}.elementor-widget-divider--element-align-left .elementor-divider-separator:before{content:none}.elementor-widget-divider--element-align-left .elementor-divider__element{margin-left:0}.elementor-widget-divider--element-align-right .elementor-divider .elementor-divider-separator>.elementor-divider__svg:last-of-type{flex-grow:0;flex-shrink:100}.elementor-widget-divider--element-align-right .elementor-divider-separator:after{content:none}.elementor-widget-divider--element-align-right .elementor-divider__element{margin-right:0}.elementor-widget-divider--element-align-start .elementor-divider .elementor-divider-separator>.elementor-divider__svg:first-of-type{flex-grow:0;flex-shrink:100}.elementor-widget-divider--element-align-start .elementor-divider-separator:before{content:none}.elementor-widget-divider--element-align-start .elementor-divider__element{margin-inline-start:0}.elementor-widget-divider--element-align-end .elementor-divider .elementor-divider-separator>.elementor-divider__svg:last-of-type{flex-grow:0;flex-shrink:100}.elementor-widget-divider--element-align-end .elementor-divider-separator:after{content:none}.elementor-widget-divider--element-align-end .elementor-divider__element{margin-inline-end:0}.elementor-widget-divider:not(.elementor-widget-divider--view-line_text):not(.elementor-widget-divider--view-line_icon) .elementor-divider-separator{border-block-start:var(--divider-border-width) var(--divider-border-style) var(--divider-color)}.elementor-widget-divider--separator-type-pattern{--divider-border-style:none}.elementor-widget-divider--separator-type-pattern.elementor-widget-divider--view-line .elementor-divider-separator,.elementor-widget-divider--separator-type-pattern:not(.elementor-widget-divider--view-line) .elementor-divider-separator:after,.elementor-widget-divider--separator-type-pattern:not(.elementor-widget-divider--view-line) .elementor-divider-separator:before,.elementor-widget-divider--separator-type-pattern:not([class*=elementor-widget-divider--view]) .elementor-divider-separator{width:100%;min-height:var(--divider-pattern-height);-webkit-mask-size:var(--divider-pattern-size) 100%;mask-size:var(--divider-pattern-size) 100%;-webkit-mask-repeat:var(--divider-pattern-repeat);mask-repeat:var(--divider-pattern-repeat);background-color:var(--divider-color);-webkit-mask-image:var(--divider-pattern-url);mask-image:var(--divider-pattern-url)}.elementor-widget-divider--no-spacing{--divider-pattern-size:auto}.elementor-widget-divider--bg-round{--divider-pattern-repeat:round}.rtl .elementor-widget-divider .elementor-divider__text{direction:rtl}.e-con-inner>.elementor-widget-divider,.e-con>.elementor-widget-divider{width:var(--container-widget-width,100%);--flex-grow:var(--container-widget-flex-grow)}<\/style>\t\t<div class=\"elementor-divider\">\n\t\t\t<span class=\"elementor-divider-separator\">\n\t\t\t\t\t\t<\/span>\n\t\t<\/div>\n\t\t\t\t<\/div>\n\t\t\t\t<\/div>\n\t\t\t\t\t<\/div>\n\t\t<\/div>\n\t\t\t\t\t<\/div>\n\t\t<\/section>\n\t\t\t\t<section class=\"has_ma_el_bg_slider elementor-section elementor-top-section elementor-element elementor-element-4cec596 elementor-section-boxed elementor-section-height-default elementor-section-height-default jltma-glass-effect-no\" data-particle_enable=\"false\" data-particle-mobile-disabled=\"false\" data-id=\"4cec596\" data-element_type=\"section\">\n\t\t\t\t\t\t<div class=\"elementor-container elementor-column-gap-default\">\n\t\t\t\t\t<div class=\"has_ma_el_bg_slider elementor-column elementor-col-100 elementor-top-column elementor-element elementor-element-a190584 jltma-glass-effect-no\" data-id=\"a190584\" data-element_type=\"column\">\n\t\t\t<div class=\"elementor-widget-wrap elementor-element-populated\">\n\t\t\t\t\t\t<div class=\"elementor-element elementor-element-a10cda4 jltma-glass-effect-no elementor-widget elementor-widget-text-editor\" data-id=\"a10cda4\" data-element_type=\"widget\" data-settings=\"{&quot;ekit_we_effect_on&quot;:&quot;none&quot;}\" data-widget_type=\"text-editor.default\">\n\t\t\t\t<div class=\"elementor-widget-container\">\n\t\t\t\t\t\t\t<p><span dir=\"ltr\" role=\"presentation\"><div class=\"box success  \"><div class=\"box-inner-block\"><i class=\"fa tie-shortcode-boxicon\"><\/i>\n\t\t\t<strong>Pour effectuer une demande<\/strong> de permis de louer \/ diviser, nous vous invitons \u00e0 <strong>privil\u00e9gier la demande informatique<\/strong> via le site : <a href=\"https:\/\/permisdelouer.agglo-lenslievin.fr\/\"><span style=\"text-decoration: underline;\">https:\/\/permisdelouer.agglo-lenslievin.fr\/<\/span><\/a>. La demande par dossier \u00ab\u00a0papier\u00a0\u00bb reste possible mais les d\u00e9lais d&rsquo;obtention peuvent \u00eatre plus longs.\n\t\t\t<\/div><\/div><\/span><\/p>\t\t\t\t\t\t<\/div>\n\t\t\t\t<\/div>\n\t\t\t\t\t<\/div>\n\t\t<\/div>\n\t\t\t\t\t<\/div>\n\t\t<\/section>\n\t\t\t\t<section class=\"has_ma_el_bg_slider elementor-section elementor-top-section elementor-element elementor-element-a1b06b7 elementor-section-boxed elementor-section-height-default elementor-section-height-default jltma-glass-effect-no\" data-particle_enable=\"false\" data-particle-mobile-disabled=\"false\" data-id=\"a1b06b7\" data-element_type=\"section\">\n\t\t\t\t\t\t<div class=\"elementor-container elementor-column-gap-default\">\n\t\t\t\t\t<div class=\"has_ma_el_bg_slider elementor-column elementor-col-100 elementor-top-column elementor-element elementor-element-857bd87 jltma-glass-effect-no\" data-id=\"857bd87\" data-element_type=\"column\">\n\t\t\t<div class=\"elementor-widget-wrap elementor-element-populated\">\n\t\t\t\t\t\t<div class=\"elementor-element elementor-element-a5eebd2 jltma-glass-effect-no elementor-widget elementor-widget-heading\" data-id=\"a5eebd2\" data-element_type=\"widget\" data-settings=\"{&quot;ekit_we_effect_on&quot;:&quot;none&quot;}\" data-widget_type=\"heading.default\">\n\t\t\t\t<div class=\"elementor-widget-container\">\n\t\t\t<style>\/*! elementor - v3.20.0 - 20-03-2024 *\/\n.elementor-heading-title{padding:0;margin:0;line-height:1}.elementor-widget-heading .elementor-heading-title[class*=elementor-size-]>a{color:inherit;font-size:inherit;line-height:inherit}.elementor-widget-heading .elementor-heading-title.elementor-size-small{font-size:15px}.elementor-widget-heading .elementor-heading-title.elementor-size-medium{font-size:19px}.elementor-widget-heading .elementor-heading-title.elementor-size-large{font-size:29px}.elementor-widget-heading .elementor-heading-title.elementor-size-xl{font-size:39px}.elementor-widget-heading .elementor-heading-title.elementor-size-xxl{font-size:59px}<\/style><h3 class=\"elementor-heading-title elementor-size-default\">Permis de Louer : Proc\u00e9dure et \u00e9tapes<\/h3>\t\t<\/div>\n\t\t\t\t<\/div>\n\t\t\t\t\t<\/div>\n\t\t<\/div>\n\t\t\t\t\t<\/div>\n\t\t<\/section>\n\t\t\t\t<section class=\"has_ma_el_bg_slider elementor-section elementor-top-section elementor-element elementor-element-291df4c elementor-section-stretched elementor-section-boxed elementor-section-height-default elementor-section-height-default jltma-glass-effect-no\" data-particle_enable=\"false\" data-particle-mobile-disabled=\"false\" data-id=\"291df4c\" data-element_type=\"section\" data-settings=\"{&quot;stretch_section&quot;:&quot;section-stretched&quot;,&quot;background_background&quot;:&quot;classic&quot;}\">\n\t\t\t\t\t\t<div class=\"elementor-container elementor-column-gap-default\">\n\t\t\t\t\t<div class=\"has_ma_el_bg_slider elementor-column elementor-col-100 elementor-top-column elementor-element elementor-element-ca726bb jltma-glass-effect-no\" data-id=\"ca726bb\" data-element_type=\"column\">\n\t\t\t<div class=\"elementor-widget-wrap elementor-element-populated\">\n\t\t\t\t\t\t<div class=\"elementor-element elementor-element-f8e64fd jltma-glass-effect-no elementor-widget elementor-widget-eael-content-timeline\" data-id=\"f8e64fd\" data-element_type=\"widget\" data-settings=\"{&quot;ekit_we_effect_on&quot;:&quot;none&quot;}\" data-widget_type=\"eael-content-timeline.default\">\n\t\t\t\t<div class=\"elementor-widget-container\">\n\t\t\t\n\t\t<div id=\"eael-content-timeline-f8e64fd\" class=\"content-timeline-layout-center date-position-\">\n\t\t\t<div class=\"eael-content-timeline-container\">\n\t\t\t\t<div class=\"eael-content-timeline-container\">\n\t\t\t\t\t\n\t\t\t\t\t\t\t\t\t\t\t\t\t\t\t\t\t\t\t\t<div class=\"eael-content-timeline-block\">\n\t\t\t\t\t\t\t\t<div class=\"eael-content-timeline-line\">\n\t\t\t\t\t\t\t\t\t<div class=\"eael-content-timeline-inner\"><\/div>\n\t\t\t\t\t\t\t\t<\/div>\n\t\t\t\t\t\t\t\t<div class=\"eael-content-timeline-img eael-picture \">\n\t\t\t\t\t\t\t\t\t\t\t\t\t\t\t\t\t\t\t\t\t\t\t\t\t\t\t\t\t\t\t\t\t\t\t\t\t\t\t\t\t\t\t\t\t\t\t\t\t\t\t<i class=\"fas fa-book\"><\/i>\n\t\t\t\t\t\t\t\t\t\t\t\t\t\t\t\t\t\t\t\t\t\t\t\t\t\t\t\t\t\t\t\t\t\t\t\t\t\t<\/div>\n\n\t\t\t\t\t\t\t\t<div class=\"eael-content-timeline-content\">\n\t\t\t\t\t\t\t\t\t\t\t\t\t\t\t\t\t\t\t<h2 class=\"eael-timeline-title\">\n\t\t\t\t\t\t\t\t\t\t\t\t\t\t\t\t\t\t\t\t\t\t\t1. D\u00e9p\u00f4t de votre demande sur internet ou \u00e0 la mairie. El\u00e9ments obligatoires \u00e0 fournir :\t\t\t\t\t\t\t\t\t\t\t\t\t\t\t\t\t\t\t\t\t\t<\/h2>\n\t\t\t\t\t\t\t\t\t\t\t\t\t\t\t\t\t\t\t\t\t\t\t\t\t\t\t\t<p><ul><li><a href=\"https:\/\/www.ville-harnes.fr\/site\/wp-content\/uploads\/2022\/02\/cerfa-n\u00b015652-01.pdf\"><span dir=\"ltr\" role=\"presentation\"><span style=\"text-decoration: underline\">Le formulaire CERFA n\u00b015652*01 compl\u00e9t\u00e9<\/span><\/span><\/a><\/li><li><span dir=\"ltr\" role=\"presentation\">Le Diagnostic Technique (DDT) valide<\/span><\/li><li><span dir=\"ltr\" role=\"presentation\">Le Diagnostic de Performance \u00c9nerg\u00e9tique (DPE)<\/span><\/li><li><span dir=\"ltr\" role=\"presentation\">Le Diagnostic plomb pour les logements construits avant 1949<\/span><\/li><li><span dir=\"ltr\" role=\"presentation\">Le Diagnostic amiante pour les logements construits avant le 1er juillet 1997<\/span><\/li><li><span dir=\"ltr\" role=\"presentation\">Le Diagnostic \u00e9lectrique et gaz si l\u2019installation a plus de 15 ans<\/span><\/li><li><span dir=\"ltr\" role=\"presentation\">L\u2019ESRIS (\u00c9tat de Servitudes, Risques et d\u2019Information sur les Sols)<\/span><\/li><\/ul><\/p>\n\t\t\t\t\t\t\t\t\t\t\t\t\t\t\t\t\t\t\t\t\t\t\t\t\t\t\t\t\t\t\t\t\t\t\t<\/div>\n\t\t\t\t\t\t\t<\/div>\n\t\t\t\t\t\t\t\t\t\t\t\t\t\t\t\t\t\t\t\t<div class=\"eael-content-timeline-block\">\n\t\t\t\t\t\t\t\t<div class=\"eael-content-timeline-line\">\n\t\t\t\t\t\t\t\t\t<div class=\"eael-content-timeline-inner\"><\/div>\n\t\t\t\t\t\t\t\t<\/div>\n\t\t\t\t\t\t\t\t<div class=\"eael-content-timeline-img eael-picture \">\n\t\t\t\t\t\t\t\t\t\t\t\t\t\t\t\t\t\t\t\t\t\t\t\t\t\t\t\t\t\t\t\t\t\t\t\t\t\t\t\t\t\t\t\t\t\t\t\t\t\t\t<i class=\"far fa-thumbs-up\"><\/i>\n\t\t\t\t\t\t\t\t\t\t\t\t\t\t\t\t\t\t\t\t\t\t\t\t\t\t\t\t\t\t\t\t\t\t\t\t\t\t<\/div>\n\n\t\t\t\t\t\t\t\t<div class=\"eael-content-timeline-content\">\n\t\t\t\t\t\t\t\t\t\t\t\t\t\t\t\t\t\t\t<h2 class=\"eael-timeline-title\">\n\t\t\t\t\t\t\t\t\t\t\t\t\t\t\t\t\t\t\t\t\t\t\t2. Dossier complet\t\t\t\t\t\t\t\t\t\t\t\t\t\t\t\t\t\t\t\t\t\t<\/h2>\n\t\t\t\t\t\t\t\t\t\t\t\t\t\t\t\t\t\t\t\t\t\t\t\t\t\t\t\t<p><p>E<span dir=\"ltr\" role=\"presentation\">nvoi d\u2019un accus\u00e9 de r\u00e9ception qui ne vaut aucunement autorisation de louer. <\/span><span dir=\"ltr\" role=\"presentation\">En cas de<\/span> <span dir=\"ltr\" role=\"presentation\">dossier <\/span><span dir=\"ltr\" role=\"presentation\">incomplet<\/span> <span dir=\"ltr\" role=\"presentation\">: envoi d\u2019un courrier qui pr\u00e9cise les \u00e9l\u00e9ments manquants (d\u00e9lai d\u2019un mois pour les transmettre). Sans cela, <\/span><span dir=\"ltr\" role=\"presentation\">la demande ne peut \u00eatre instruite.<\/span><\/p><\/p>\n\t\t\t\t\t\t\t\t\t\t\t\t\t\t\t\t\t\t\t\t\t\t\t\t\t\t\t\t\t\t\t\t\t\t\t<\/div>\n\t\t\t\t\t\t\t<\/div>\n\t\t\t\t\t\t\t\t\t\t\t\t\t\t\t\t\t\t\t\t<div class=\"eael-content-timeline-block\">\n\t\t\t\t\t\t\t\t<div class=\"eael-content-timeline-line\">\n\t\t\t\t\t\t\t\t\t<div class=\"eael-content-timeline-inner\"><\/div>\n\t\t\t\t\t\t\t\t<\/div>\n\t\t\t\t\t\t\t\t<div class=\"eael-content-timeline-img eael-picture \">\n\t\t\t\t\t\t\t\t\t\t\t\t\t\t\t\t\t\t\t\t\t\t\t\t\t\t\t\t\t\t\t\t\t\t\t\t\t\t\t\t\t\t\t\t\t\t\t\t\t\t\t<i class=\"far fa-eye\"><\/i>\n\t\t\t\t\t\t\t\t\t\t\t\t\t\t\t\t\t\t\t\t\t\t\t\t\t\t\t\t\t\t\t\t\t\t\t\t\t\t<\/div>\n\n\t\t\t\t\t\t\t\t<div class=\"eael-content-timeline-content\">\n\t\t\t\t\t\t\t\t\t\t\t\t\t\t\t\t\t\t\t<h2 class=\"eael-timeline-title\">\n\t\t\t\t\t\t\t\t\t\t\t\t\t\t\t\t\t\t\t\t\t\t\t3. Visite de contr\u00f4le du logement par un op\u00e9rateur priv\u00e9 mandat\u00e9 par la CALL.\t\t\t\t\t\t\t\t\t\t\t\t\t\t\t\t\t\t\t\t\t\t<\/h2>\n\t\t\t\t\t\t\t\t\t\t\t\t\t\t\t\t\t\t\t\t\t\t\t\t\t\t\t\t<p><\/p>\n\t\t\t\t\t\t\t\t\t\t\t\t\t\t\t\t\t\t\t\t\t\t\t\t\t\t\t\t\t\t\t\t\t\t\t<\/div>\n\t\t\t\t\t\t\t<\/div>\n\t\t\t\t\t\t\t\t\t\t\t\t\t\t\t\t\t\t\t\t<div class=\"eael-content-timeline-block\">\n\t\t\t\t\t\t\t\t<div class=\"eael-content-timeline-line\">\n\t\t\t\t\t\t\t\t\t<div class=\"eael-content-timeline-inner\"><\/div>\n\t\t\t\t\t\t\t\t<\/div>\n\t\t\t\t\t\t\t\t<div class=\"eael-content-timeline-img eael-picture \">\n\t\t\t\t\t\t\t\t\t\t\t\t\t\t\t\t\t\t\t\t\t\t\t\t\t\t\t\t\t\t\t\t\t\t\t\t\t\t\t\t\t\t\t\t\t\t\t\t\t\t\t<i class=\"far fa-comment-dots\"><\/i>\n\t\t\t\t\t\t\t\t\t\t\t\t\t\t\t\t\t\t\t\t\t\t\t\t\t\t\t\t\t\t\t\t\t\t\t\t\t\t<\/div>\n\n\t\t\t\t\t\t\t\t<div class=\"eael-content-timeline-content\">\n\t\t\t\t\t\t\t\t\t\t\t\t\t\t\t\t\t\t\t<h2 class=\"eael-timeline-title\">\n\t\t\t\t\t\t\t\t\t\t\t\t\t\t\t\t\t\t\t\t\t\t\t4. Notification, par la CALL...\t\t\t\t\t\t\t\t\t\t\t\t\t\t\t\t\t\t\t\t\t\t<\/h2>\n\t\t\t\t\t\t\t\t\t\t\t\t\t\t\t\t\t\t\t\t\t\t\t\t\t\t\t\t<p><p><span dir=\"ltr\" role=\"presentation\">...de sa d\u00e9cision d\u2019autorisation ou de refus, au plus tard un mois apr\u00e8s la r\u00e9ception du<\/span><br role=\"presentation\" \/><span dir=\"ltr\" role=\"presentation\">dossier complet. L\u2019autorisation est valable 2 ans. Elle devra \u00eatre jointe au contrat de bail \u00e0 chaque nouvelle mise en<\/span><br role=\"presentation\" \/><span dir=\"ltr\" role=\"presentation\">location.<\/span><\/p><\/p>\n\t\t\t\t\t\t\t\t\t\t\t\t\t\t\t\t\t\t\t\t\t\t\t\t\t\t\t\t\t\t\t\t\t\t\t<\/div>\n\t\t\t\t\t\t\t<\/div>\n\t\t\t\t\t\t\t\t\t\t\t\t\t\t\t<\/div>\n\t\t\t<\/div>\n\t\t<\/div>\n\n\t\t<\/div>\n\t\t\t\t<\/div>\n\t\t\t\t\t<\/div>\n\t\t<\/div>\n\t\t\t\t\t<\/div>\n\t\t<\/section>\n\t\t\t\t<section class=\"has_ma_el_bg_slider elementor-section elementor-top-section elementor-element elementor-element-fc6345c elementor-section-boxed elementor-section-height-default elementor-section-height-default jltma-glass-effect-no\" data-particle_enable=\"false\" data-particle-mobile-disabled=\"false\" data-id=\"fc6345c\" data-element_type=\"section\">\n\t\t\t\t\t\t<div class=\"elementor-container elementor-column-gap-default\">\n\t\t\t\t\t<div class=\"has_ma_el_bg_slider elementor-column elementor-col-100 elementor-top-column elementor-element elementor-element-9aec0bf jltma-glass-effect-no\" data-id=\"9aec0bf\" data-element_type=\"column\">\n\t\t\t<div class=\"elementor-widget-wrap elementor-element-populated\">\n\t\t\t\t\t\t<div class=\"elementor-element elementor-element-7409cdd jltma-glass-effect-no elementor-widget elementor-widget-text-editor\" data-id=\"7409cdd\" data-element_type=\"widget\" data-settings=\"{&quot;ekit_we_effect_on&quot;:&quot;none&quot;}\" data-widget_type=\"text-editor.default\">\n\t\t\t\t<div class=\"elementor-widget-container\">\n\t\t\t\t\t\t\t<p><span dir=\"ltr\" role=\"presentation\"><div class=\"box warning  \"><div class=\"box-inner-block\"><i class=\"fa tie-shortcode-boxicon\"><\/i>\n\t\t\tEn cas de non-respect, le propri\u00e9taire est passible d\u2019une amende de 5 000 \u00e0 15 000\u20ac. La CAF pourra \u00e9galement proc\u00e9der<br role=\"presentation\" \/>\u00e0 la conservation de l\u2019allocation logement jusqu\u2019\u00e0 la r\u00e9alisation des travaux dans un d\u00e9lai maximum de 18 mois.\n\t\t\t<\/div><\/div><\/span><\/p>\t\t\t\t\t\t<\/div>\n\t\t\t\t<\/div>\n\t\t\t\t\t<\/div>\n\t\t<\/div>\n\t\t\t\t\t<\/div>\n\t\t<\/section>\n\t\t\t\t<section class=\"has_ma_el_bg_slider elementor-section elementor-top-section elementor-element elementor-element-2941165 elementor-section-boxed elementor-section-height-default elementor-section-height-default jltma-glass-effect-no\" data-particle_enable=\"false\" data-particle-mobile-disabled=\"false\" data-id=\"2941165\" data-element_type=\"section\">\n\t\t\t\t\t\t<div class=\"elementor-container elementor-column-gap-default\">\n\t\t\t\t\t<div class=\"has_ma_el_bg_slider elementor-column elementor-col-100 elementor-top-column elementor-element elementor-element-8f21ee9 jltma-glass-effect-no\" data-id=\"8f21ee9\" data-element_type=\"column\">\n\t\t\t<div class=\"elementor-widget-wrap elementor-element-populated\">\n\t\t\t\t\t\t<div class=\"elementor-element elementor-element-1e24401 elementor-widget-divider--view-line jltma-glass-effect-no elementor-widget elementor-widget-divider\" data-id=\"1e24401\" data-element_type=\"widget\" data-settings=\"{&quot;ekit_we_effect_on&quot;:&quot;none&quot;}\" data-widget_type=\"divider.default\">\n\t\t\t\t<div class=\"elementor-widget-container\">\n\t\t\t\t\t<div class=\"elementor-divider\">\n\t\t\t<span class=\"elementor-divider-separator\">\n\t\t\t\t\t\t<\/span>\n\t\t<\/div>\n\t\t\t\t<\/div>\n\t\t\t\t<\/div>\n\t\t\t\t\t<\/div>\n\t\t<\/div>\n\t\t\t\t\t<\/div>\n\t\t<\/section>\n\t\t\t\t<section class=\"has_ma_el_bg_slider elementor-section elementor-top-section elementor-element elementor-element-7d7d054 elementor-section-boxed elementor-section-height-default elementor-section-height-default jltma-glass-effect-no\" data-particle_enable=\"false\" data-particle-mobile-disabled=\"false\" data-id=\"7d7d054\" data-element_type=\"section\">\n\t\t\t\t\t\t<div class=\"elementor-container elementor-column-gap-default\">\n\t\t\t\t\t<div class=\"has_ma_el_bg_slider elementor-column elementor-col-100 elementor-top-column elementor-element elementor-element-61f16ef jltma-glass-effect-no\" data-id=\"61f16ef\" data-element_type=\"column\">\n\t\t\t<div class=\"elementor-widget-wrap elementor-element-populated\">\n\t\t\t\t\t\t<div class=\"elementor-element elementor-element-627296a jltma-glass-effect-no elementor-widget elementor-widget-heading\" data-id=\"627296a\" data-element_type=\"widget\" data-settings=\"{&quot;ekit_we_effect_on&quot;:&quot;none&quot;}\" data-widget_type=\"heading.default\">\n\t\t\t\t<div class=\"elementor-widget-container\">\n\t\t\t<h3 class=\"elementor-heading-title elementor-size-default\">Permis de Diviser :  Proc\u00e9dure et \u00e9tapes<\/h3>\t\t<\/div>\n\t\t\t\t<\/div>\n\t\t\t\t\t<\/div>\n\t\t<\/div>\n\t\t\t\t\t<\/div>\n\t\t<\/section>\n\t\t\t\t<section class=\"has_ma_el_bg_slider elementor-section elementor-top-section elementor-element elementor-element-8e89e48 elementor-section-boxed elementor-section-height-default elementor-section-height-default jltma-glass-effect-no\" data-particle_enable=\"false\" data-particle-mobile-disabled=\"false\" data-id=\"8e89e48\" data-element_type=\"section\">\n\t\t\t\t\t\t<div class=\"elementor-container elementor-column-gap-default\">\n\t\t\t\t\t<div class=\"has_ma_el_bg_slider elementor-column elementor-col-100 elementor-top-column elementor-element elementor-element-875391f jltma-glass-effect-no\" data-id=\"875391f\" data-element_type=\"column\">\n\t\t\t<div class=\"elementor-widget-wrap elementor-element-populated\">\n\t\t\t\t\t\t<div class=\"elementor-element elementor-element-b4055a4 jltma-glass-effect-no elementor-widget elementor-widget-eael-content-timeline\" data-id=\"b4055a4\" data-element_type=\"widget\" data-settings=\"{&quot;ekit_we_effect_on&quot;:&quot;none&quot;}\" data-widget_type=\"eael-content-timeline.default\">\n\t\t\t\t<div class=\"elementor-widget-container\">\n\t\t\t\n\t\t<div id=\"eael-content-timeline-b4055a4\" class=\"content-timeline-layout-center date-position-\">\n\t\t\t<div class=\"eael-content-timeline-container\">\n\t\t\t\t<div class=\"eael-content-timeline-container\">\n\t\t\t\t\t\n\t\t\t\t\t\t\t\t\t\t\t\t\t\t\t\t\t\t\t\t<div class=\"eael-content-timeline-block\">\n\t\t\t\t\t\t\t\t<div class=\"eael-content-timeline-line\">\n\t\t\t\t\t\t\t\t\t<div class=\"eael-content-timeline-inner\"><\/div>\n\t\t\t\t\t\t\t\t<\/div>\n\t\t\t\t\t\t\t\t<div class=\"eael-content-timeline-img eael-picture \">\n\t\t\t\t\t\t\t\t\t\t\t\t\t\t\t\t\t\t\t\t\t\t\t\t\t\t\t\t\t\t\t\t\t\t\t\t\t\t\t\t\t\t\t\t\t\t\t\t\t\t\t<i class=\"fas fa-book\"><\/i>\n\t\t\t\t\t\t\t\t\t\t\t\t\t\t\t\t\t\t\t\t\t\t\t\t\t\t\t\t\t\t\t\t\t\t\t\t\t\t<\/div>\n\n\t\t\t\t\t\t\t\t<div class=\"eael-content-timeline-content\">\n\t\t\t\t\t\t\t\t\t\t\t\t\t\t\t\t\t\t\t<h2 class=\"eael-timeline-title\">\n\t\t\t\t\t\t\t\t\t\t\t\t\t\t\t\t\t\t\t\t\t\t\t1. D\u00e9p\u00f4t de votre demande sur internet (voir ci-dessus) ou \u00e0 la mairie. El\u00e9ments obligatoires \u00e0 fournir :\t\t\t\t\t\t\t\t\t\t\t\t\t\t\t\t\t\t\t\t\t\t<\/h2>\n\t\t\t\t\t\t\t\t\t\t\t\t\t\t\t\t\t\t\t\t\t\t\t\t\t\t\t\t<p><ul><li><span dir=\"ltr\" role=\"presentation\">Le formulaire \u00ab<span style=\"text-decoration: underline\"><a href=\"https:\/\/permisdelouer.agglo-lenslievin.fr\/wp-content\/uploads\/sites\/6\/2021\/12\/demande-dautorisation-prealable-a-la-division-apd.pdf\">Demande d\u2019Autorisation Pr\u00e9alable \u00e0 la Division\u00bb (APD)<\/a><\/span><\/span><\/li><li><span dir=\"ltr\" role=\"presentation\">Des plans c\u00f4t\u00e9s avant\/apr\u00e8s travaux <br \/><\/span><\/li><li><span dir=\"ltr\" role=\"presentation\">Dossier technique amiante pour les logements construits avant le 1er juillet 1997<\/span><\/li><li><span dir=\"ltr\" role=\"presentation\">Constat de risque d\u2019exposition au plomb pour les logements construits avant 1949<\/span><\/li><\/ul><\/p>\n\t\t\t\t\t\t\t\t\t\t\t\t\t\t\t\t\t\t\t\t\t\t\t\t\t\t\t\t\t\t\t\t\t\t\t<\/div>\n\t\t\t\t\t\t\t<\/div>\n\t\t\t\t\t\t\t\t\t\t\t\t\t\t\t\t\t\t\t\t<div class=\"eael-content-timeline-block\">\n\t\t\t\t\t\t\t\t<div class=\"eael-content-timeline-line\">\n\t\t\t\t\t\t\t\t\t<div class=\"eael-content-timeline-inner\"><\/div>\n\t\t\t\t\t\t\t\t<\/div>\n\t\t\t\t\t\t\t\t<div class=\"eael-content-timeline-img eael-picture \">\n\t\t\t\t\t\t\t\t\t\t\t\t\t\t\t\t\t\t\t\t\t\t\t\t\t\t\t\t\t\t\t\t\t\t\t\t\t\t\t\t\t\t\t\t\t\t\t\t\t\t\t<i class=\"far fa-thumbs-up\"><\/i>\n\t\t\t\t\t\t\t\t\t\t\t\t\t\t\t\t\t\t\t\t\t\t\t\t\t\t\t\t\t\t\t\t\t\t\t\t\t\t<\/div>\n\n\t\t\t\t\t\t\t\t<div class=\"eael-content-timeline-content\">\n\t\t\t\t\t\t\t\t\t\t\t\t\t\t\t\t\t\t\t<h2 class=\"eael-timeline-title\">\n\t\t\t\t\t\t\t\t\t\t\t\t\t\t\t\t\t\t\t\t\t\t\t2. Dossier complet\t\t\t\t\t\t\t\t\t\t\t\t\t\t\t\t\t\t\t\t\t\t<\/h2>\n\t\t\t\t\t\t\t\t\t\t\t\t\t\t\t\t\t\t\t\t\t\t\t\t\t\t\t\t<p><p style=\"text-align: justify\"><span dir=\"ltr\" role=\"presentation\">Envoi d\u2019un accus\u00e9 de r\u00e9ception qui ne vaut aucunement autorisation de diviser. En cas de dossier incomplet : envoi d\u2019un courrier pr\u00e9cisant les \u00e9l\u00e9ments manquants (d\u00e9lai d\u2019un mois pour les transmettre, auquel cas la demande sera refus\u00e9e et il vous faudra la r\u00e9it\u00e9rer).<\/span><\/p><\/p>\n\t\t\t\t\t\t\t\t\t\t\t\t\t\t\t\t\t\t\t\t\t\t\t\t\t\t\t\t\t\t\t\t\t\t\t<\/div>\n\t\t\t\t\t\t\t<\/div>\n\t\t\t\t\t\t\t\t\t\t\t\t\t\t\t\t\t\t\t\t<div class=\"eael-content-timeline-block\">\n\t\t\t\t\t\t\t\t<div class=\"eael-content-timeline-line\">\n\t\t\t\t\t\t\t\t\t<div class=\"eael-content-timeline-inner\"><\/div>\n\t\t\t\t\t\t\t\t<\/div>\n\t\t\t\t\t\t\t\t<div class=\"eael-content-timeline-img eael-picture \">\n\t\t\t\t\t\t\t\t\t\t\t\t\t\t\t\t\t\t\t\t\t\t\t\t\t\t\t\t\t\t\t\t\t\t\t\t\t\t\t\t\t\t\t\t\t\t\t\t\t\t\t<i class=\"far fa-eye\"><\/i>\n\t\t\t\t\t\t\t\t\t\t\t\t\t\t\t\t\t\t\t\t\t\t\t\t\t\t\t\t\t\t\t\t\t\t\t\t\t\t<\/div>\n\n\t\t\t\t\t\t\t\t<div class=\"eael-content-timeline-content\">\n\t\t\t\t\t\t\t\t\t\t\t\t\t\t\t\t\t\t\t<h2 class=\"eael-timeline-title\">\n\t\t\t\t\t\t\t\t\t\t\t\t\t\t\t\t\t\t\t\t\t\t\t3. Visite de contr\u00f4le du logement avant travaux par l\u2019op\u00e9rateur priv\u00e9 mandat\u00e9 par la CALL.\t\t\t\t\t\t\t\t\t\t\t\t\t\t\t\t\t\t\t\t\t\t<\/h2>\n\t\t\t\t\t\t\t\t\t\t\t\t\t\t\t\t\t\t\t\t\t\t\t\t\t\t\t\t<p><\/p>\n\t\t\t\t\t\t\t\t\t\t\t\t\t\t\t\t\t\t\t\t\t\t\t\t\t\t\t\t\t\t\t\t\t\t\t<\/div>\n\t\t\t\t\t\t\t<\/div>\n\t\t\t\t\t\t\t\t\t\t\t\t\t\t\t\t\t\t\t\t<div class=\"eael-content-timeline-block\">\n\t\t\t\t\t\t\t\t<div class=\"eael-content-timeline-line\">\n\t\t\t\t\t\t\t\t\t<div class=\"eael-content-timeline-inner\"><\/div>\n\t\t\t\t\t\t\t\t<\/div>\n\t\t\t\t\t\t\t\t<div class=\"eael-content-timeline-img eael-picture \">\n\t\t\t\t\t\t\t\t\t\t\t\t\t\t\t\t\t\t\t\t\t\t\t\t\t\t\t\t\t\t\t\t\t\t\t\t\t\t\t\t\t\t\t\t\t\t\t\t\t\t\t<i class=\"far fa-comment-dots\"><\/i>\n\t\t\t\t\t\t\t\t\t\t\t\t\t\t\t\t\t\t\t\t\t\t\t\t\t\t\t\t\t\t\t\t\t\t\t\t\t\t<\/div>\n\n\t\t\t\t\t\t\t\t<div class=\"eael-content-timeline-content\">\n\t\t\t\t\t\t\t\t\t\t\t\t\t\t\t\t\t\t\t<h2 class=\"eael-timeline-title\">\n\t\t\t\t\t\t\t\t\t\t\t\t\t\t\t\t\t\t\t\t\t\t\t4. Notification, par la CALL...\t\t\t\t\t\t\t\t\t\t\t\t\t\t\t\t\t\t\t\t\t\t<\/h2>\n\t\t\t\t\t\t\t\t\t\t\t\t\t\t\t\t\t\t\t\t\t\t\t\t\t\t\t\t<p><p style=\"text-align: justify\"><span dir=\"ltr\" role=\"presentation\">de sa d\u00e9cision pr\u00e9liminaire d\u2019autorisation ou de refus de r\u00e9aliser les travaux de division, au plus tard 15 jours apr\u00e8s la r\u00e9ception du dossier complet.<\/span><\/p><\/p>\n\t\t\t\t\t\t\t\t\t\t\t\t\t\t\t\t\t\t\t\t\t\t\t\t\t\t\t\t\t\t\t\t\t\t\t<\/div>\n\t\t\t\t\t\t\t<\/div>\n\t\t\t\t\t\t\t\t\t\t\t\t\t\t\t\t\t\t\t\t<div class=\"eael-content-timeline-block\">\n\t\t\t\t\t\t\t\t<div class=\"eael-content-timeline-line\">\n\t\t\t\t\t\t\t\t\t<div class=\"eael-content-timeline-inner\"><\/div>\n\t\t\t\t\t\t\t\t<\/div>\n\t\t\t\t\t\t\t\t<div class=\"eael-content-timeline-img eael-picture \">\n\t\t\t\t\t\t\t\t\t\t\t\t\t\t\t\t\t\t\t\t\t\t\t\t\t\t\t\t\t\t\t\t\t\t\t\t\t\t\t\t\t\t\t\t\t\t\t\t\t\t\t<i class=\"fas fa-house-user\"><\/i>\n\t\t\t\t\t\t\t\t\t\t\t\t\t\t\t\t\t\t\t\t\t\t\t\t\t\t\t\t\t\t\t\t\t\t\t\t\t\t<\/div>\n\n\t\t\t\t\t\t\t\t<div class=\"eael-content-timeline-content\">\n\t\t\t\t\t\t\t\t\t\t\t\t\t\t\t\t\t\t\t<h2 class=\"eael-timeline-title\">\n\t\t\t\t\t\t\t\t\t\t\t\t\t\t\t\t\t\t\t\t\t\t\t5. D\u00e9cision de parfait ach\u00e8vement des travaux\t\t\t\t\t\t\t\t\t\t\t\t\t\t\t\t\t\t\t\t\t\t<\/h2>\n\t\t\t\t\t\t\t\t\t\t\t\t\t\t\t\t\t\t\t\t\t\t\t\t\t\t\t\t<p><p><span dir=\"ltr\" role=\"presentation\">Une fois les travaux effectu\u00e9s, vous sollicitez la visite finale de<\/span><br role=\"presentation\" \/><span dir=\"ltr\" role=\"presentation\">l\u2019immeuble. Si vous souhaitez mettre en location les lots divis\u00e9s, il vous faudra demander le Permis de Louer.<\/span><\/p><\/p>\n\t\t\t\t\t\t\t\t\t\t\t\t\t\t\t\t\t\t\t\t\t\t\t\t\t\t\t\t\t\t\t\t\t\t\t<\/div>\n\t\t\t\t\t\t\t<\/div>\n\t\t\t\t\t\t\t\t\t\t\t\t\t\t\t<\/div>\n\t\t\t<\/div>\n\t\t<\/div>\n\n\t\t<\/div>\n\t\t\t\t<\/div>\n\t\t\t\t\t<\/div>\n\t\t<\/div>\n\t\t\t\t\t<\/div>\n\t\t<\/section>\n\t\t\t\t<section class=\"has_ma_el_bg_slider elementor-section elementor-top-section elementor-element elementor-element-69a199a elementor-section-boxed elementor-section-height-default elementor-section-height-default jltma-glass-effect-no\" data-particle_enable=\"false\" data-particle-mobile-disabled=\"false\" data-id=\"69a199a\" data-element_type=\"section\">\n\t\t\t\t\t\t<div class=\"elementor-container elementor-column-gap-default\">\n\t\t\t\t\t<div class=\"has_ma_el_bg_slider elementor-column elementor-col-100 elementor-top-column elementor-element elementor-element-2764a99 jltma-glass-effect-no\" data-id=\"2764a99\" data-element_type=\"column\">\n\t\t\t<div class=\"elementor-widget-wrap elementor-element-populated\">\n\t\t\t\t\t\t<div class=\"elementor-element elementor-element-582a4e6 jltma-glass-effect-no elementor-widget elementor-widget-text-editor\" data-id=\"582a4e6\" data-element_type=\"widget\" data-settings=\"{&quot;ekit_we_effect_on&quot;:&quot;none&quot;}\" data-widget_type=\"text-editor.default\">\n\t\t\t\t<div class=\"elementor-widget-container\">\n\t\t\t\t\t\t\t<p><span dir=\"ltr\" role=\"presentation\"><div class=\"box warning  \"><div class=\"box-inner-block\"><i class=\"fa tie-shortcode-boxicon\"><\/i>\n\t\t\tEn cas de non-respect, le propri\u00e9taire contrevenant peut se voir sanctionner d\u2019une amende allant jusqu\u2019\u00e0<br role=\"presentation\" \/>15 000\u20ac. En cas de nouveau manquement dans un d\u00e9lai de 3 ans, le montant maximal peut \u00eatre port\u00e9 \u00e0 25 000\n\t\t\t<\/div><\/div><\/span><\/p>\t\t\t\t\t\t<\/div>\n\t\t\t\t<\/div>\n\t\t\t\t\t<\/div>\n\t\t<\/div>\n\t\t\t\t\t<\/div>\n\t\t<\/section>\n\t\t\t\t<section class=\"has_ma_el_bg_slider elementor-section elementor-top-section elementor-element elementor-element-711366e elementor-section-boxed elementor-section-height-default elementor-section-height-default jltma-glass-effect-no\" data-particle_enable=\"false\" data-particle-mobile-disabled=\"false\" data-id=\"711366e\" data-element_type=\"section\">\n\t\t\t\t\t\t<div class=\"elementor-container elementor-column-gap-default\">\n\t\t\t\t\t<div class=\"has_ma_el_bg_slider elementor-column elementor-col-100 elementor-top-column elementor-element elementor-element-92262a4 jltma-glass-effect-no\" data-id=\"92262a4\" data-element_type=\"column\">\n\t\t\t<div class=\"elementor-widget-wrap elementor-element-populated\">\n\t\t\t\t\t\t<div class=\"elementor-element elementor-element-93513e7 elementor-widget-divider--view-line jltma-glass-effect-no elementor-widget elementor-widget-divider\" data-id=\"93513e7\" data-element_type=\"widget\" data-settings=\"{&quot;ekit_we_effect_on&quot;:&quot;none&quot;}\" data-widget_type=\"divider.default\">\n\t\t\t\t<div class=\"elementor-widget-container\">\n\t\t\t\t\t<div class=\"elementor-divider\">\n\t\t\t<span class=\"elementor-divider-separator\">\n\t\t\t\t\t\t<\/span>\n\t\t<\/div>\n\t\t\t\t<\/div>\n\t\t\t\t<\/div>\n\t\t\t\t\t<\/div>\n\t\t<\/div>\n\t\t\t\t\t<\/div>\n\t\t<\/section>\n\t\t\t\t<section class=\"has_ma_el_bg_slider elementor-section elementor-top-section elementor-element elementor-element-6c16a8bd elementor-section-boxed elementor-section-height-default elementor-section-height-default jltma-glass-effect-no\" data-particle_enable=\"false\" data-particle-mobile-disabled=\"false\" data-id=\"6c16a8bd\" data-element_type=\"section\">\n\t\t\t\t\t\t<div class=\"elementor-container elementor-column-gap-default\">\n\t\t\t\t\t<div class=\"has_ma_el_bg_slider elementor-column elementor-col-100 elementor-top-column elementor-element elementor-element-1ee1e447 jltma-glass-effect-no\" data-id=\"1ee1e447\" data-element_type=\"column\">\n\t\t\t<div class=\"elementor-widget-wrap elementor-element-populated\">\n\t\t\t\t\t\t<div class=\"elementor-element elementor-element-61676970 jltma-glass-effect-no elementor-widget elementor-widget-heading\" data-id=\"61676970\" data-element_type=\"widget\" data-settings=\"{&quot;ekit_we_effect_on&quot;:&quot;none&quot;}\" data-widget_type=\"heading.default\">\n\t\t\t\t<div class=\"elementor-widget-container\">\n\t\t\t<h3 class=\"elementor-heading-title elementor-size-default\">Ressources utiles<\/h3>\t\t<\/div>\n\t\t\t\t<\/div>\n\t\t\t\t<section class=\"has_ma_el_bg_slider elementor-section elementor-inner-section elementor-element elementor-element-57d3446 elementor-section-boxed elementor-section-height-default elementor-section-height-default jltma-glass-effect-no elementor-invisible\" data-particle_enable=\"false\" data-particle-mobile-disabled=\"false\" data-id=\"57d3446\" data-element_type=\"section\" data-settings=\"{&quot;animation&quot;:&quot;slideInUp&quot;}\">\n\t\t\t\t\t\t<div class=\"elementor-container elementor-column-gap-default\">\n\t\t\t\t\t<div class=\"has_ma_el_bg_slider elementor-column elementor-col-33 elementor-inner-column elementor-element elementor-element-27e3e144 jltma-glass-effect-no\" data-id=\"27e3e144\" data-element_type=\"column\">\n\t\t\t<div class=\"elementor-widget-wrap elementor-element-populated\">\n\t\t\t\t\t\t<div class=\"elementor-element elementor-element-7920796c ekit-equal-height-disable jltma-glass-effect-no elementor-widget elementor-widget-elementskit-icon-box\" data-id=\"7920796c\" data-element_type=\"widget\" data-settings=\"{&quot;ekit_we_effect_on&quot;:&quot;none&quot;}\" data-widget_type=\"elementskit-icon-box.default\">\n\t\t\t\t<div class=\"elementor-widget-container\">\n\t\t\t<div class=\"ekit-wid-con\" >        <!-- link opening -->\n                <a href=\"https:\/\/permisdelouer.agglo-lenslievin.fr\/apml\/\" class=\"ekit_global_links\">\n                <!-- end link opening -->\n\n        <div class=\"elementskit-infobox text- text-left icon-lef-right-aligin elementor-animation- media gradient-active  hover_from_left\">\n                    <div class=\"elementskit-box-header elementor-animation-\">\n                <div class=\"elementskit-info-box-icon  text-center\">\n                    <i aria-hidden=\"true\" class=\"elementkit-infobox-icon icon icon-internet\"><\/i>\n                <\/div>\n          <\/div>\n                        <div class=\"box-body\">\n                            <h3 class=\"elementskit-info-box-title\">\n                    Site internet                <\/h3>\n                        \t\t  <p>Votre espace pour g\u00e9rer en ligne vos d\u00e9marches de permis de louer<\/p>\n                                <\/div>\n        \n        \n                <\/div>\n                <\/a>\n        <\/div>\t\t<\/div>\n\t\t\t\t<\/div>\n\t\t\t\t\t<\/div>\n\t\t<\/div>\n\t\t\t\t<div class=\"has_ma_el_bg_slider elementor-column elementor-col-33 elementor-inner-column elementor-element elementor-element-2cdca69 jltma-glass-effect-no\" data-id=\"2cdca69\" data-element_type=\"column\">\n\t\t\t<div class=\"elementor-widget-wrap elementor-element-populated\">\n\t\t\t\t\t\t<div class=\"elementor-element elementor-element-2b2d62fa ekit-equal-height-disable jltma-glass-effect-no elementor-widget elementor-widget-elementskit-icon-box\" data-id=\"2b2d62fa\" data-element_type=\"widget\" data-settings=\"{&quot;ekit_we_effect_on&quot;:&quot;none&quot;}\" data-widget_type=\"elementskit-icon-box.default\">\n\t\t\t\t<div class=\"elementor-widget-container\">\n\t\t\t<div class=\"ekit-wid-con\" >        <!-- link opening -->\n                <a href=\"https:\/\/www.agglo-lenslievin.fr\/wp-content\/uploads\/2021\/12\/permis-de-louer-2022.pdf\" class=\"ekit_global_links\">\n                <!-- end link opening -->\n\n        <div class=\"elementskit-infobox text- text-left icon-lef-right-aligin elementor-animation- media  \">\n                    <div class=\"elementskit-box-header elementor-animation-\">\n                <div class=\"elementskit-info-box-icon  text-center\">\n                    <i aria-hidden=\"true\" class=\"elementkit-infobox-icon icon icon-file-add\"><\/i>\n                <\/div>\n          <\/div>\n                        <div class=\"box-body\">\n                            <h3 class=\"elementskit-info-box-title\">\n                    Guide pratique                 <\/h3>\n                        \t\t  <p>Toutes les informations relatives au permis de louer, \u00e0 t\u00e9l\u00e9charger aux format PDF<\/p>\n                                <\/div>\n        \n        \n                <\/div>\n                <\/a>\n        <\/div>\t\t<\/div>\n\t\t\t\t<\/div>\n\t\t\t\t\t<\/div>\n\t\t<\/div>\n\t\t\t\t<div class=\"has_ma_el_bg_slider elementor-column elementor-col-33 elementor-inner-column elementor-element elementor-element-20720772 jltma-glass-effect-no\" data-id=\"20720772\" data-element_type=\"column\">\n\t\t\t<div class=\"elementor-widget-wrap elementor-element-populated\">\n\t\t\t\t\t\t<div class=\"elementor-element elementor-element-9c2d5da ekit-equal-height-disable jltma-glass-effect-no elementor-widget elementor-widget-elementskit-icon-box\" data-id=\"9c2d5da\" data-element_type=\"widget\" data-settings=\"{&quot;ekit_we_effect_on&quot;:&quot;none&quot;}\" data-widget_type=\"elementskit-icon-box.default\">\n\t\t\t\t<div class=\"elementor-widget-container\">\n\t\t\t<div class=\"ekit-wid-con\" >        <!-- link opening -->\n                <a href=\"https:\/\/permisdelouer.agglo-lenslievin.fr\/apd\/\" class=\"ekit_global_links\">\n                <!-- end link opening -->\n\n        <div class=\"elementskit-infobox text- text-left icon-lef-right-aligin elementor-animation- media gradient-active  hover_from_left\">\n                    <div class=\"elementskit-box-header elementor-animation-\">\n                <div class=\"elementskit-info-box-icon  text-center\">\n                    <i aria-hidden=\"true\" class=\"elementkit-infobox-icon icon icon-internet\"><\/i>\n                <\/div>\n          <\/div>\n                        <div class=\"box-body\">\n                            <h3 class=\"elementskit-info-box-title\">\n                    Site internet                 <\/h3>\n                        \t\t  <p>Votre espace pour g\u00e9rer en ligne vos d\u00e9marches de permis de diviser<\/p>\n                                <\/div>\n        \n        \n                <\/div>\n                <\/a>\n        <\/div>\t\t<\/div>\n\t\t\t\t<\/div>\n\t\t\t\t\t<\/div>\n\t\t<\/div>\n\t\t\t\t\t<\/div>\n\t\t<\/section>\n\t\t\t\t\t<\/div>\n\t\t<\/div>\n\t\t\t\t\t<\/div>\n\t\t<\/section>\n\t\t\t\t<\/div>\n\t\t","protected":false},"excerpt":{"rendered":"<p>Un cadre juridique La loi ALUR (Acc\u00e8s au Logement et un Urbanisme R\u00e9nov\u00e9) du 24 mars 2014 et ses d\u00e9crets permettent aux collectivit\u00e9s de mieux contr\u00f4ler la qualit\u00e9 du parc locatif de leur territoire. Ils leur offrent, en effet, la possibilit\u00e9 d\u2019instaurer les Permis de Louer et Permis de Diviser dans une zone g\u00e9ographique donn\u00e9e. &hellip;<\/p>\n","protected":false},"author":2,"featured_media":14897,"comment_status":"closed","ping_status":"open","sticky":false,"template":"","format":"standard","meta":{"footnotes":""},"categories":[535,445],"tags":[],"_links":{"self":[{"href":"https:\/\/www.ville-harnes.fr\/site\/wp-json\/wp\/v2\/posts\/14895"}],"collection":[{"href":"https:\/\/www.ville-harnes.fr\/site\/wp-json\/wp\/v2\/posts"}],"about":[{"href":"https:\/\/www.ville-harnes.fr\/site\/wp-json\/wp\/v2\/types\/post"}],"author":[{"embeddable":true,"href":"https:\/\/www.ville-harnes.fr\/site\/wp-json\/wp\/v2\/users\/2"}],"replies":[{"embeddable":true,"href":"https:\/\/www.ville-harnes.fr\/site\/wp-json\/wp\/v2\/comments?post=14895"}],"version-history":[{"count":24,"href":"https:\/\/www.ville-harnes.fr\/site\/wp-json\/wp\/v2\/posts\/14895\/revisions"}],"predecessor-version":[{"id":16305,"href":"https:\/\/www.ville-harnes.fr\/site\/wp-json\/wp\/v2\/posts\/14895\/revisions\/16305"}],"wp:featuredmedia":[{"embeddable":true,"href":"https:\/\/www.ville-harnes.fr\/site\/wp-json\/wp\/v2\/media\/14897"}],"wp:attachment":[{"href":"https:\/\/www.ville-harnes.fr\/site\/wp-json\/wp\/v2\/media?parent=14895"}],"wp:term":[{"taxonomy":"category","embeddable":true,"href":"https:\/\/www.ville-harnes.fr\/site\/wp-json\/wp\/v2\/categories?post=14895"},{"taxonomy":"post_tag","embeddable":true,"href":"https:\/\/www.ville-harnes.fr\/site\/wp-json\/wp\/v2\/tags?post=14895"}],"curies":[{"name":"wp","href":"https:\/\/api.w.org\/{rel}","templated":true}]}}