{"id":11086,"date":"2019-08-05T11:27:50","date_gmt":"2019-08-05T09:27:50","guid":{"rendered":"https:\/\/www.ville-harnes.fr\/site\/?p=11086"},"modified":"2022-05-11T15:07:46","modified_gmt":"2022-05-11T13:07:46","slug":"unesco","status":"publish","type":"post","link":"https:\/\/www.ville-harnes.fr\/site\/unesco\/","title":{"rendered":"Un patrimoine reconnu par l&rsquo;UNESCO !"},"content":{"rendered":"\t\t<div data-elementor-type=\"wp-post\" data-elementor-id=\"11086\" class=\"elementor elementor-11086\" data-elementor-post-type=\"post\">\n\t\t\t\t\t\t<section class=\"has_ma_el_bg_slider elementor-section elementor-top-section elementor-element elementor-element-3560d925 elementor-section-boxed elementor-section-height-default elementor-section-height-default jltma-glass-effect-no\" data-particle_enable=\"false\" data-particle-mobile-disabled=\"false\" data-id=\"3560d925\" data-element_type=\"section\">\n\t\t\t\t\t\t<div class=\"elementor-container elementor-column-gap-default\">\n\t\t\t\t\t<div class=\"has_ma_el_bg_slider elementor-column elementor-col-100 elementor-top-column elementor-element elementor-element-1225b02d jltma-glass-effect-no\" data-id=\"1225b02d\" data-element_type=\"column\">\n\t\t\t<div class=\"elementor-widget-wrap elementor-element-populated\">\n\t\t\t\t\t\t<div class=\"elementor-element elementor-element-711b3a1c jltma-glass-effect-no elementor-widget elementor-widget-text-editor\" data-id=\"711b3a1c\" data-element_type=\"widget\" data-settings=\"{&quot;ekit_we_effect_on&quot;:&quot;none&quot;}\" data-widget_type=\"text-editor.default\">\n\t\t\t\t<div class=\"elementor-widget-container\">\n\t\t\t<style>\/*! elementor - v3.20.0 - 20-03-2024 *\/\n.elementor-widget-text-editor.elementor-drop-cap-view-stacked .elementor-drop-cap{background-color:#69727d;color:#fff}.elementor-widget-text-editor.elementor-drop-cap-view-framed .elementor-drop-cap{color:#69727d;border:3px solid;background-color:transparent}.elementor-widget-text-editor:not(.elementor-drop-cap-view-default) .elementor-drop-cap{margin-top:8px}.elementor-widget-text-editor:not(.elementor-drop-cap-view-default) .elementor-drop-cap-letter{width:1em;height:1em}.elementor-widget-text-editor .elementor-drop-cap{float:left;text-align:center;line-height:1;font-size:50px}.elementor-widget-text-editor .elementor-drop-cap-letter{display:inline-block}<\/style>\t\t\t\t<p style=\"text-align: justify;\"><div class=\"box info  \"><div class=\"box-inner-block\"><i class=\"fa tie-shortcode-boxicon\"><\/i>\n\t\t\tDepuis le 30 juin 2012, le Bassin minier du Nord-Pas de Calais fait partie du millier de biens inscrits sur la Liste du patrimoine mondial de l\u2019UNESCO ! Le Comit\u00e9 du patrimoine mondial a reconnu la valeur universelle exceptionnelle de son patrimoine et de ses paysages ainsi que sa place exceptionnelle dans l\u2019histoire sociale du monde de la mine. Pendant presque trois si\u00e8cles (1720-1990), l\u2019exploitation a fa\u00e7onn\u00e9 le territoire, les paysages et les Hommes. Avec ses fosses d\u2019extractions, ses chevalements, ses terrils, ses cavaliers, ses cit\u00e9s ouvri\u00e8res, etc\u2026, le Bassin minier, inscrit au titre de \u00ab Paysage culturel \u00e9volutif vivant \u00bb, offre un patrimoine porteur de sens et de valeurs. \n\t\t\t<\/div><\/div><\/p>\r\n\r\n<h3 style=\"text-align: justify;\"><span style=\"color: #258899;\">Des sites exceptionnels \u00e0 Harnes<\/span><\/h3>\r\nNotre ville regroupe 5 sites exceptionnels, \u00e0 visiter sans mod\u00e9ration :\r\n<p style=\"text-align: justify;\"><strong><span style=\"color: #258899;\">Cavalier<\/span><\/strong><\/p>\r\n<p style=\"text-align: justify;\"><a href=\"https:\/\/www.ville-harnes.fr\/site\/wp-content\/uploads\/2019\/08\/Cavalier.jpg\"><img decoding=\"async\" class=\" wp-image-11093 alignright\" src=\"https:\/\/www.ville-harnes.fr\/site\/wp-content\/uploads\/2019\/08\/Cavalier.jpg\" alt=\"\" width=\"232\" height=\"154\" srcset=\"https:\/\/www.ville-harnes.fr\/site\/wp-content\/uploads\/2019\/08\/Cavalier.jpg 1126w, https:\/\/www.ville-harnes.fr\/site\/wp-content\/uploads\/2019\/08\/Cavalier-300x200.jpg 300w, https:\/\/www.ville-harnes.fr\/site\/wp-content\/uploads\/2019\/08\/Cavalier-768x512.jpg 768w, https:\/\/www.ville-harnes.fr\/site\/wp-content\/uploads\/2019\/08\/Cavalier-1024x682.jpg 1024w, https:\/\/www.ville-harnes.fr\/site\/wp-content\/uploads\/2019\/08\/Cavalier-310x205.jpg 310w\" sizes=\"(max-width: 232px) 100vw, 232px\" \/><\/a>D\u2019une longueur de quatre kilom\u00e8tres, le tron\u00e7on de cavalier Estevelles\/Harnes d\u00e9bute au pied du Terril 98 et prend la direction du canal de Lens en passant \u00e0 Pont-\u00e0-Vendin, Annay-sous-Lens et Harnes. Aujourd\u2019hui d\u00e9pourvu de ses rails, le cavalier a \u00e9t\u00e9 en partie r\u00e9habilit\u00e9, en en respectant parfaitement le trac\u00e9. Cette portion constitue d\u00e9sormais une liaison permettant les activit\u00e9s de loisirs de type randonn\u00e9es.<\/p>\r\n<p style=\"text-align: justify;\"><strong><span style=\"color: #258899;\">Terril 93<\/span> <\/strong><\/p>\r\n<p style=\"text-align: justify;\">Terril issu de l\u2019activit\u00e9 de la Fosse n\u00b021 (1910-1977), le Terril conique 93 voit son \u00e9dification d\u00e9but\u00e9e en 1914 pour s\u2019achever en 1957, date \u00e0 laquelle la production de charbon est directement \u00e9vacu\u00e9e vers le lavoir central de Fouqui\u00e8res-lez-Lens. Terril monumental d\u2019une hauteur de 90 m\u00e8tres, il est reli\u00e9 au Terril 98 \u00e0 estvelles par un tron\u00e7on de cavalier (voie ferr\u00e9e) long de 4 kilom\u00e8tres, aujourd\u2019hui am\u00e9nag\u00e9 et offrant un agr\u00e9able sentier de randonn\u00e9es.<\/p>\r\n<p style=\"text-align: justify;\"><span style=\"color: #258899;\"><strong>Cit\u00e9 Bellevue ancienne<\/strong><\/span><\/p>\r\n<p style=\"text-align: justify;\"><a href=\"https:\/\/www.ville-harnes.fr\/site\/wp-content\/uploads\/2019\/08\/Cite-du-21.jpg\"><img decoding=\"async\" class=\" wp-image-11091 alignleft\" src=\"https:\/\/www.ville-harnes.fr\/site\/wp-content\/uploads\/2019\/08\/Cite-du-21.jpg\" alt=\"\" width=\"258\" height=\"172\" srcset=\"https:\/\/www.ville-harnes.fr\/site\/wp-content\/uploads\/2019\/08\/Cite-du-21.jpg 1382w, https:\/\/www.ville-harnes.fr\/site\/wp-content\/uploads\/2019\/08\/Cite-du-21-300x200.jpg 300w, https:\/\/www.ville-harnes.fr\/site\/wp-content\/uploads\/2019\/08\/Cite-du-21-768x512.jpg 768w, https:\/\/www.ville-harnes.fr\/site\/wp-content\/uploads\/2019\/08\/Cite-du-21-1024x683.jpg 1024w, https:\/\/www.ville-harnes.fr\/site\/wp-content\/uploads\/2019\/08\/Cite-du-21-310x205.jpg 310w, https:\/\/www.ville-harnes.fr\/site\/wp-content\/uploads\/2019\/08\/Cite-du-21-1320x881.jpg 1320w\" sizes=\"(max-width: 258px) 100vw, 258px\" \/><\/a>Attach\u00e9e \u00e0 la Fosse n\u00b021 et situ\u00e9e non loin du Terril 93, il s\u2019agit d\u2019une vaste cit\u00e9 pavillonnaire construite par la Compagnie des mines de Courri\u00e8res dans les ann\u00e9es 1920. Les maisons sont majoritairement group\u00e9es par deux, avec quelques regroupements par trois, quatre et six. La cit\u00e9 se distingue par ses qualit\u00e9s architecturales exceptionnelles, apport\u00e9es par la diversit\u00e9 et l\u2019originalit\u00e9 des volumes et des d\u00e9cors. Les habitations offrent ainsi une dizaine de typologies avec de nombreux jeux de volum\u00e9tries au niveau des toitures. La partie sup\u00e9rieure des fa\u00e7ades est richement d\u00e9cor\u00e9e \u00e0 l\u2019aide de frises, de bandeaux, de motifs de briques blanches.<\/p>\r\n<p style=\"text-align: justify;\"><strong><span style=\"color: #258899;\">\u00c9glise de la Cit\u00e9 Bellevue ancienne (\u00c9glise du Sacr\u00e9-Coeur)<\/span><\/strong><\/p>\r\n<p style=\"text-align: justify;\"><a href=\"https:\/\/www.ville-harnes.fr\/site\/wp-content\/uploads\/2019\/08\/Eglise.jpg\"><img decoding=\"async\" class=\" wp-image-11094 alignright\" src=\"https:\/\/www.ville-harnes.fr\/site\/wp-content\/uploads\/2019\/08\/Eglise.jpg\" alt=\"\" width=\"213\" height=\"142\" srcset=\"https:\/\/www.ville-harnes.fr\/site\/wp-content\/uploads\/2019\/08\/Eglise.jpg 1075w, https:\/\/www.ville-harnes.fr\/site\/wp-content\/uploads\/2019\/08\/Eglise-300x200.jpg 300w, https:\/\/www.ville-harnes.fr\/site\/wp-content\/uploads\/2019\/08\/Eglise-768x512.jpg 768w, https:\/\/www.ville-harnes.fr\/site\/wp-content\/uploads\/2019\/08\/Eglise-1024x683.jpg 1024w, https:\/\/www.ville-harnes.fr\/site\/wp-content\/uploads\/2019\/08\/Eglise-310x205.jpg 310w\" sizes=\"(max-width: 213px) 100vw, 213px\" \/><\/a>L\u2019\u00e9glise du Sacr\u00e9-Coeur d\u2019Harnes, construite par la Compagnie de Courri\u00e8res, est inaugur\u00e9e en 1940. Il s\u2019agit d\u2019un \u00e9difice en briques, de forme trapue, pr\u00e9sentant une fa\u00e7ade massive form\u00e9e d\u2019un grand mur pignon triangulaire agr\u00e9ment\u00e9 d\u2019une croix grecque et surmont\u00e9 d\u2019un clocher-mur. Abritant une cloche unique est sans conteste la principale originalit\u00e9 de la fa\u00e7ade.<\/p>\r\n<p style=\"text-align: justify;\"><strong><span style=\"color: #258899;\">\u00c9cole de la Cit\u00e9 Bellevue ancienne<\/span><\/strong><\/p>\r\n<p style=\"text-align: justify;\">L\u2019\u00e9cole de la Cit\u00e9 Bellevue fut construite par la Compagnie de Courri\u00e8res dans les ann\u00e9es 1920. L\u2019\u00e9difice est \u00e9lev\u00e9 sur un seul niveau et recouvert d\u2019une toiture \u00e0 pans bris\u00e9s orn\u00e9e d\u2019un \u00e9pi de fa\u00eetage en terre cuite. Une frise de briques rouges et blanches en damier souligne la corniche. La partie sup\u00e9rieure de la fa\u00e7ade est aussi richement d\u00e9cor\u00e9e de bandeaux en briques blanches. Dans les ann\u00e9es 1950-1960, au moment de la construction de la cit\u00e9 moderne Bellevue nouvelle, l\u2019\u00e9cole a \u00e9t\u00e9 agrandie.<\/p>\t\t\t\t\t\t<\/div>\n\t\t\t\t<\/div>\n\t\t\t\t\t<\/div>\n\t\t<\/div>\n\t\t\t\t\t<\/div>\n\t\t<\/section>\n\t\t\t\t<\/div>\n\t\t","protected":false},"excerpt":{"rendered":"<p>Des sites exceptionnels \u00e0 Harnes Notre ville regroupe 5 sites exceptionnels, \u00e0 visiter sans mod\u00e9ration : Cavalier D\u2019une longueur de quatre kilom\u00e8tres, le tron\u00e7on de cavalier Estevelles\/Harnes d\u00e9bute au pied du Terril 98 et prend la direction du canal de Lens en passant \u00e0 Pont-\u00e0-Vendin, Annay-sous-Lens et Harnes. Aujourd\u2019hui d\u00e9pourvu de ses rails, le cavalier &hellip;<\/p>\n","protected":false},"author":2,"featured_media":11098,"comment_status":"closed","ping_status":"open","sticky":false,"template":"elementor_header_footer","format":"standard","meta":{"footnotes":""},"categories":[543,542],"tags":[],"_links":{"self":[{"href":"https:\/\/www.ville-harnes.fr\/site\/wp-json\/wp\/v2\/posts\/11086"}],"collection":[{"href":"https:\/\/www.ville-harnes.fr\/site\/wp-json\/wp\/v2\/posts"}],"about":[{"href":"https:\/\/www.ville-harnes.fr\/site\/wp-json\/wp\/v2\/types\/post"}],"author":[{"embeddable":true,"href":"https:\/\/www.ville-harnes.fr\/site\/wp-json\/wp\/v2\/users\/2"}],"replies":[{"embeddable":true,"href":"https:\/\/www.ville-harnes.fr\/site\/wp-json\/wp\/v2\/comments?post=11086"}],"version-history":[{"count":8,"href":"https:\/\/www.ville-harnes.fr\/site\/wp-json\/wp\/v2\/posts\/11086\/revisions"}],"predecessor-version":[{"id":15309,"href":"https:\/\/www.ville-harnes.fr\/site\/wp-json\/wp\/v2\/posts\/11086\/revisions\/15309"}],"wp:featuredmedia":[{"embeddable":true,"href":"https:\/\/www.ville-harnes.fr\/site\/wp-json\/wp\/v2\/media\/11098"}],"wp:attachment":[{"href":"https:\/\/www.ville-harnes.fr\/site\/wp-json\/wp\/v2\/media?parent=11086"}],"wp:term":[{"taxonomy":"category","embeddable":true,"href":"https:\/\/www.ville-harnes.fr\/site\/wp-json\/wp\/v2\/categories?post=11086"},{"taxonomy":"post_tag","embeddable":true,"href":"https:\/\/www.ville-harnes.fr\/site\/wp-json\/wp\/v2\/tags?post=11086"}],"curies":[{"name":"wp","href":"https:\/\/api.w.org\/{rel}","templated":true}]}}