{"id":1106,"date":"2015-12-17T14:37:46","date_gmt":"2015-12-17T13:37:46","guid":{"rendered":"http:\/\/www.ville-harnes.fr\/site\/?p=1106"},"modified":"2024-08-19T10:53:16","modified_gmt":"2024-08-19T08:53:16","slug":"ecoles","status":"publish","type":"post","link":"https:\/\/www.ville-harnes.fr\/site\/ecoles\/","title":{"rendered":"\u00c9coles de Harnes"},"content":{"rendered":"\t\t<div data-elementor-type=\"wp-post\" data-elementor-id=\"1106\" class=\"elementor elementor-1106\" data-elementor-post-type=\"post\">\n\t\t\t\t\t\t<section class=\"has_ma_el_bg_slider elementor-section elementor-top-section elementor-element elementor-element-029e91d elementor-section-boxed elementor-section-height-default elementor-section-height-default jltma-glass-effect-no\" data-particle_enable=\"false\" data-particle-mobile-disabled=\"false\" data-id=\"029e91d\" data-element_type=\"section\">\n\t\t\t\t\t\t<div class=\"elementor-container elementor-column-gap-default\">\n\t\t\t\t\t<div class=\"has_ma_el_bg_slider elementor-column elementor-col-100 elementor-top-column elementor-element elementor-element-4c83681 jltma-glass-effect-no\" data-id=\"4c83681\" data-element_type=\"column\">\n\t\t\t<div class=\"elementor-widget-wrap elementor-element-populated\">\n\t\t\t\t\t\t<div class=\"elementor-element elementor-element-11e720f jltma-glass-effect-no elementor-widget elementor-widget-elementskit-heading\" data-id=\"11e720f\" data-element_type=\"widget\" data-settings=\"{&quot;ekit_we_effect_on&quot;:&quot;none&quot;}\" data-widget_type=\"elementskit-heading.default\">\n\t\t\t\t<div class=\"elementor-widget-container\">\n\t\t\t<div class=\"ekit-wid-con\" ><div class=\"ekit-heading elementskit-section-title-wraper text_left   ekit_heading_tablet-   ekit_heading_mobile- ekit-heading__title-in-left\">\t\t\t\t<div class='ekit-heading__title-wrapper'>\n\t\t\t<h1 class=\"ekit-heading--title elementskit-section-title \">Ecoles Maternelles<\/h1><div class=\"ekit_heading_separetor_wraper ekit_heading_elementskit-border-divider ekit-dotted\"><div class=\"elementskit-border-divider ekit-dotted\"><\/div><\/div>\t\t\t\t<\/div>\n\t\t\t\t<div class='ekit-heading__content-wrapper'>\n\t\t\t\t\t\t\t<\/div>\n\t\t\t<\/div><\/div>\t\t<\/div>\n\t\t\t\t<\/div>\n\t\t\t\t\t<\/div>\n\t\t<\/div>\n\t\t\t\t\t<\/div>\n\t\t<\/section>\n\t\t\t\t<section class=\"has_ma_el_bg_slider elementor-section elementor-top-section elementor-element elementor-element-41994e1 elementor-section-boxed elementor-section-height-default elementor-section-height-default jltma-glass-effect-no\" data-particle_enable=\"false\" data-particle-mobile-disabled=\"false\" data-id=\"41994e1\" data-element_type=\"section\">\n\t\t\t\t\t\t<div class=\"elementor-container elementor-column-gap-default\">\n\t\t\t\t\t<div class=\"has_ma_el_bg_slider elementor-column elementor-col-20 elementor-top-column elementor-element elementor-element-765dbca jltma-glass-effect-no\" data-id=\"765dbca\" data-element_type=\"column\">\n\t\t\t<div class=\"elementor-widget-wrap elementor-element-populated\">\n\t\t\t\t\t\t<div class=\"elementor-element elementor-element-bb0b018 jltma-glass-effect-no elementor-widget elementor-widget-elementskit-team\" data-id=\"bb0b018\" data-element_type=\"widget\" data-settings=\"{&quot;ekit_we_effect_on&quot;:&quot;none&quot;}\" data-widget_type=\"elementskit-team.default\">\n\t\t\t\t<div class=\"elementor-widget-container\">\n\t\t\t<div class=\"ekit-wid-con\">\t\t\t\t\t\t <div class=\"profile-square-v square-v6 no_gutters\"> \t\t\n\t\t<div class=\"profile-card elementor-animation- text-center ekit-team-style-long_height_details\">\n\t\t\t\t\t\t\n\t\t\t\t<div class=\"profile-header ekit-team-img \" >\n\t\t\t\t\t<img fetchpriority=\"high\" decoding=\"async\" width=\"618\" height=\"464\" src=\"https:\/\/www.ville-harnes.fr\/site\/wp-content\/uploads\/2015\/12\/P1024895-min-1024x768.jpg\" class=\"attachment-large size-large wp-image-15531\" alt=\"\" srcset=\"https:\/\/www.ville-harnes.fr\/site\/wp-content\/uploads\/2015\/12\/P1024895-min-1024x768.jpg 1024w, https:\/\/www.ville-harnes.fr\/site\/wp-content\/uploads\/2015\/12\/P1024895-min-300x225.jpg 300w, https:\/\/www.ville-harnes.fr\/site\/wp-content\/uploads\/2015\/12\/P1024895-min-768x576.jpg 768w, https:\/\/www.ville-harnes.fr\/site\/wp-content\/uploads\/2015\/12\/P1024895-min-1536x1152.jpg 1536w, https:\/\/www.ville-harnes.fr\/site\/wp-content\/uploads\/2015\/12\/P1024895-min-2048x1536.jpg 2048w\" sizes=\"(max-width: 618px) 100vw, 618px\" \/>\t\t\t\t<\/div><!-- .profile-header END -->\n\t\t\t\t\t\t\n\n\t\t\t\t<div class=\"profile-body\">\n\t\t\t\t\t\n\t\t\t\t\t<h2 class=\"profile-title\">\n\t\t\t\t\t\t\t\t\t\t\tHenri-Barbusse\t\t\t\t\t\t\t\t\t\t<\/h2>\n\t\t\t\t\t<p class=\"profile-designation\">Avenue Barbusse<\/p>\n\t\t\t\t\t\t\t\t\t\t<p class=\"profile-content\">T\u00e9l : 03.21.75.18.15\nDirecteur : Ludovic DELATTRE<\/p>\n\t\t\t\t\t\t\t\t\t<\/div><!-- .profile-body END -->\n\n\t\t\t\t\t\t\t\t<\/div>\n\t\t\t\t <\/div> \t\t\t\n\t\t\t\n\t\t\t\t<\/div>\t\t<\/div>\n\t\t\t\t<\/div>\n\t\t\t\t\t<\/div>\n\t\t<\/div>\n\t\t\t\t<div class=\"has_ma_el_bg_slider elementor-column elementor-col-20 elementor-top-column elementor-element elementor-element-cd5f9e1 jltma-glass-effect-no\" data-id=\"cd5f9e1\" data-element_type=\"column\">\n\t\t\t<div class=\"elementor-widget-wrap elementor-element-populated\">\n\t\t\t\t\t\t<div class=\"elementor-element elementor-element-9a99b01 jltma-glass-effect-no elementor-widget elementor-widget-elementskit-team\" data-id=\"9a99b01\" data-element_type=\"widget\" data-settings=\"{&quot;ekit_we_effect_on&quot;:&quot;none&quot;}\" data-widget_type=\"elementskit-team.default\">\n\t\t\t\t<div class=\"elementor-widget-container\">\n\t\t\t<div class=\"ekit-wid-con\">\t\t\t\t\t\t <div class=\"profile-square-v square-v6 no_gutters\"> \t\t\n\t\t<div class=\"profile-card elementor-animation- text-center ekit-team-style-long_height_details\">\n\t\t\t\t\t\t\n\t\t\t\t<div class=\"profile-header ekit-team-img \" >\n\t\t\t\t\t<img decoding=\"async\" width=\"618\" height=\"464\" src=\"https:\/\/www.ville-harnes.fr\/site\/wp-content\/uploads\/2015\/12\/P1024935-min-1024x768.jpg\" class=\"attachment-large size-large wp-image-15535\" alt=\"\" srcset=\"https:\/\/www.ville-harnes.fr\/site\/wp-content\/uploads\/2015\/12\/P1024935-min-1024x768.jpg 1024w, https:\/\/www.ville-harnes.fr\/site\/wp-content\/uploads\/2015\/12\/P1024935-min-300x225.jpg 300w, https:\/\/www.ville-harnes.fr\/site\/wp-content\/uploads\/2015\/12\/P1024935-min-768x576.jpg 768w, https:\/\/www.ville-harnes.fr\/site\/wp-content\/uploads\/2015\/12\/P1024935-min-1536x1152.jpg 1536w, https:\/\/www.ville-harnes.fr\/site\/wp-content\/uploads\/2015\/12\/P1024935-min-2048x1536.jpg 2048w\" sizes=\"(max-width: 618px) 100vw, 618px\" \/>\t\t\t\t<\/div><!-- .profile-header END -->\n\t\t\t\t\t\t\n\n\t\t\t\t<div class=\"profile-body\">\n\t\t\t\t\t\n\t\t\t\t\t<h2 class=\"profile-title\">\n\t\t\t\t\t\t\t\t\t\t\tPaul-Langevin\t\t\t\t\t\t\t\t\t\t<\/h2>\n\t\t\t\t\t<p class=\"profile-designation\">Grand&#039;Place<\/p>\n\t\t\t\t\t\t\t\t\t\t<p class=\"profile-content\">T\u00e9l : 03.21.20.29.87\nDirectrice : Charlotte DEROO<\/p>\n\t\t\t\t\t\t\t\t\t<\/div><!-- .profile-body END -->\n\n\t\t\t\t\t\t\t\t<\/div>\n\t\t\t\t <\/div> \t\t\t\n\t\t\t\n\t\t\t\t<\/div>\t\t<\/div>\n\t\t\t\t<\/div>\n\t\t\t\t\t<\/div>\n\t\t<\/div>\n\t\t\t\t<div class=\"has_ma_el_bg_slider elementor-column elementor-col-20 elementor-top-column elementor-element elementor-element-88d26d9 jltma-glass-effect-no\" data-id=\"88d26d9\" data-element_type=\"column\">\n\t\t\t<div class=\"elementor-widget-wrap elementor-element-populated\">\n\t\t\t\t\t\t<div class=\"elementor-element elementor-element-115d247 jltma-glass-effect-no elementor-widget elementor-widget-elementskit-team\" data-id=\"115d247\" data-element_type=\"widget\" data-settings=\"{&quot;ekit_we_effect_on&quot;:&quot;none&quot;}\" data-widget_type=\"elementskit-team.default\">\n\t\t\t\t<div class=\"elementor-widget-container\">\n\t\t\t<div class=\"ekit-wid-con\">\t\t\t\t\t\t <div class=\"profile-square-v square-v6 no_gutters\"> \t\t\n\t\t<div class=\"profile-card elementor-animation- text-center ekit-team-style-long_height_details\">\n\t\t\t\t\t\t\n\t\t\t\t<div class=\"profile-header ekit-team-img \" >\n\t\t\t\t\t<img decoding=\"async\" width=\"618\" height=\"464\" src=\"https:\/\/www.ville-harnes.fr\/site\/wp-content\/uploads\/2015\/12\/P1024930-min-1024x768.jpg\" class=\"attachment-large size-large wp-image-15534\" alt=\"\" srcset=\"https:\/\/www.ville-harnes.fr\/site\/wp-content\/uploads\/2015\/12\/P1024930-min-1024x768.jpg 1024w, https:\/\/www.ville-harnes.fr\/site\/wp-content\/uploads\/2015\/12\/P1024930-min-300x225.jpg 300w, https:\/\/www.ville-harnes.fr\/site\/wp-content\/uploads\/2015\/12\/P1024930-min-768x576.jpg 768w, https:\/\/www.ville-harnes.fr\/site\/wp-content\/uploads\/2015\/12\/P1024930-min-1536x1152.jpg 1536w, https:\/\/www.ville-harnes.fr\/site\/wp-content\/uploads\/2015\/12\/P1024930-min-2048x1536.jpg 2048w\" sizes=\"(max-width: 618px) 100vw, 618px\" \/>\t\t\t\t<\/div><!-- .profile-header END -->\n\t\t\t\t\t\t\n\n\t\t\t\t<div class=\"profile-body\">\n\t\t\t\t\t\n\t\t\t\t\t<h2 class=\"profile-title\">\n\t\t\t\t\t\t\t\t\t\t\tLouise-Michel \t\t\t\t\t\t\t\t\t\t<\/h2>\n\t\t\t\t\t<p class=\"profile-designation\">Rue Saint Druon<\/p>\n\t\t\t\t\t\t\t\t\t\t<p class=\"profile-content\">T\u00e9l : 03.21.20.12.58\nDirectrice : Christine GOUBEL<\/p>\n\t\t\t\t\t\t\t\t\t<\/div><!-- .profile-body END -->\n\n\t\t\t\t\t\t\t\t<\/div>\n\t\t\t\t <\/div> \t\t\t\n\t\t\t\n\t\t\t\t<\/div>\t\t<\/div>\n\t\t\t\t<\/div>\n\t\t\t\t\t<\/div>\n\t\t<\/div>\n\t\t\t\t<div class=\"has_ma_el_bg_slider elementor-column elementor-col-20 elementor-top-column elementor-element elementor-element-bc896e0 jltma-glass-effect-no\" data-id=\"bc896e0\" data-element_type=\"column\">\n\t\t\t<div class=\"elementor-widget-wrap elementor-element-populated\">\n\t\t\t\t\t\t<div class=\"elementor-element elementor-element-7782021 jltma-glass-effect-no elementor-widget elementor-widget-elementskit-team\" data-id=\"7782021\" data-element_type=\"widget\" data-settings=\"{&quot;ekit_we_effect_on&quot;:&quot;none&quot;}\" data-widget_type=\"elementskit-team.default\">\n\t\t\t\t<div class=\"elementor-widget-container\">\n\t\t\t<div class=\"ekit-wid-con\">\t\t\t\t\t\t <div class=\"profile-square-v square-v6 no_gutters\"> \t\t\n\t\t<div class=\"profile-card elementor-animation- text-center ekit-team-style-long_height_details\">\n\t\t\t\t\t\t\n\t\t\t\t<div class=\"profile-header ekit-team-img \" >\n\t\t\t\t\t<img loading=\"lazy\" decoding=\"async\" width=\"618\" height=\"464\" src=\"https:\/\/www.ville-harnes.fr\/site\/wp-content\/uploads\/2015\/12\/P1025893-min-1024x768.jpg\" class=\"attachment-large size-large wp-image-15537\" alt=\"\" srcset=\"https:\/\/www.ville-harnes.fr\/site\/wp-content\/uploads\/2015\/12\/P1025893-min-1024x768.jpg 1024w, https:\/\/www.ville-harnes.fr\/site\/wp-content\/uploads\/2015\/12\/P1025893-min-300x225.jpg 300w, https:\/\/www.ville-harnes.fr\/site\/wp-content\/uploads\/2015\/12\/P1025893-min-768x576.jpg 768w, https:\/\/www.ville-harnes.fr\/site\/wp-content\/uploads\/2015\/12\/P1025893-min-1536x1152.jpg 1536w, https:\/\/www.ville-harnes.fr\/site\/wp-content\/uploads\/2015\/12\/P1025893-min-2048x1536.jpg 2048w\" sizes=\"(max-width: 618px) 100vw, 618px\" \/>\t\t\t\t<\/div><!-- .profile-header END -->\n\t\t\t\t\t\t\n\n\t\t\t\t<div class=\"profile-body\">\n\t\t\t\t\t\n\t\t\t\t\t<h2 class=\"profile-title\">\n\t\t\t\t\t\t\t\t\t\t\tAnatole-France\t\t\t\t\t\t\t\t\t\t<\/h2>\n\t\t\t\t\t<p class=\"profile-designation\">Rue de Saint Claude<\/p>\n\t\t\t\t\t\t\t\t\t\t<p class=\"profile-content\">T\u00e9l : 03.21.78.03.32\nDirectrice : Florence LANTOINE<\/p>\n\t\t\t\t\t\t\t\t\t<\/div><!-- .profile-body END -->\n\n\t\t\t\t\t\t\t\t<\/div>\n\t\t\t\t <\/div> \t\t\t\n\t\t\t\n\t\t\t\t<\/div>\t\t<\/div>\n\t\t\t\t<\/div>\n\t\t\t\t\t<\/div>\n\t\t<\/div>\n\t\t\t\t<div class=\"has_ma_el_bg_slider elementor-column elementor-col-20 elementor-top-column elementor-element elementor-element-58259d1 jltma-glass-effect-no\" data-id=\"58259d1\" data-element_type=\"column\">\n\t\t\t<div class=\"elementor-widget-wrap elementor-element-populated\">\n\t\t\t\t\t\t<div class=\"elementor-element elementor-element-4a3be74 jltma-glass-effect-no elementor-widget elementor-widget-elementskit-team\" data-id=\"4a3be74\" data-element_type=\"widget\" data-settings=\"{&quot;ekit_we_effect_on&quot;:&quot;none&quot;}\" data-widget_type=\"elementskit-team.default\">\n\t\t\t\t<div class=\"elementor-widget-container\">\n\t\t\t<div class=\"ekit-wid-con\">\t\t\t\t\t\t <div class=\"profile-square-v square-v6 no_gutters\"> \t\t\n\t\t<div class=\"profile-card elementor-animation- text-center ekit-team-style-long_height_details\">\n\t\t\t\t\t\t\n\t\t\t\t<div class=\"profile-header ekit-team-img \" >\n\t\t\t\t\t<img loading=\"lazy\" decoding=\"async\" width=\"618\" height=\"464\" src=\"https:\/\/www.ville-harnes.fr\/site\/wp-content\/uploads\/2015\/12\/P1024867-min-1024x768.jpg\" class=\"attachment-large size-large wp-image-15529\" alt=\"\" srcset=\"https:\/\/www.ville-harnes.fr\/site\/wp-content\/uploads\/2015\/12\/P1024867-min-1024x768.jpg 1024w, https:\/\/www.ville-harnes.fr\/site\/wp-content\/uploads\/2015\/12\/P1024867-min-300x225.jpg 300w, https:\/\/www.ville-harnes.fr\/site\/wp-content\/uploads\/2015\/12\/P1024867-min-768x576.jpg 768w, https:\/\/www.ville-harnes.fr\/site\/wp-content\/uploads\/2015\/12\/P1024867-min-1536x1152.jpg 1536w, https:\/\/www.ville-harnes.fr\/site\/wp-content\/uploads\/2015\/12\/P1024867-min-2048x1536.jpg 2048w\" sizes=\"(max-width: 618px) 100vw, 618px\" \/>\t\t\t\t<\/div><!-- .profile-header END -->\n\t\t\t\t\t\t\n\n\t\t\t\t<div class=\"profile-body\">\n\t\t\t\t\t\n\t\t\t\t\t<h2 class=\"profile-title\">\n\t\t\t\t\t\t\t\t\t\t\tEmile-Zola\t\t\t\t\t\t\t\t\t\t<\/h2>\n\t\t\t\t\t<p class=\"profile-designation\">Rue de Ch\u00e2teau Salins<\/p>\n\t\t\t\t\t\t\t\t\t\t<p class=\"profile-content\">T\u00e9l : 03.21.78.63.40\nDirectrice : Aur\u00e9lie STRASSEELE<\/p>\n\t\t\t\t\t\t\t\t\t<\/div><!-- .profile-body END -->\n\n\t\t\t\t\t\t\t\t<\/div>\n\t\t\t\t <\/div> \t\t\t\n\t\t\t\n\t\t\t\t<\/div>\t\t<\/div>\n\t\t\t\t<\/div>\n\t\t\t\t\t<\/div>\n\t\t<\/div>\n\t\t\t\t\t<\/div>\n\t\t<\/section>\n\t\t\t\t<section class=\"has_ma_el_bg_slider elementor-section elementor-top-section elementor-element elementor-element-5ca5c29 elementor-section-boxed elementor-section-height-default elementor-section-height-default jltma-glass-effect-no\" data-particle_enable=\"false\" data-particle-mobile-disabled=\"false\" data-id=\"5ca5c29\" data-element_type=\"section\">\n\t\t\t\t\t\t<div class=\"elementor-container elementor-column-gap-default\">\n\t\t\t\t\t<div class=\"has_ma_el_bg_slider elementor-column elementor-col-100 elementor-top-column elementor-element elementor-element-30e5a37 jltma-glass-effect-no\" data-id=\"30e5a37\" data-element_type=\"column\">\n\t\t\t<div class=\"elementor-widget-wrap elementor-element-populated\">\n\t\t\t\t\t\t<div class=\"elementor-element elementor-element-ee81b0e elementor-widget-divider--view-line jltma-glass-effect-no elementor-widget elementor-widget-divider\" data-id=\"ee81b0e\" data-element_type=\"widget\" data-settings=\"{&quot;ekit_we_effect_on&quot;:&quot;none&quot;}\" data-widget_type=\"divider.default\">\n\t\t\t\t<div class=\"elementor-widget-container\">\n\t\t\t<style>\/*! elementor - v3.20.0 - 20-03-2024 *\/\n.elementor-widget-divider{--divider-border-style:none;--divider-border-width:1px;--divider-color:#0c0d0e;--divider-icon-size:20px;--divider-element-spacing:10px;--divider-pattern-height:24px;--divider-pattern-size:20px;--divider-pattern-url:none;--divider-pattern-repeat:repeat-x}.elementor-widget-divider .elementor-divider{display:flex}.elementor-widget-divider .elementor-divider__text{font-size:15px;line-height:1;max-width:95%}.elementor-widget-divider .elementor-divider__element{margin:0 var(--divider-element-spacing);flex-shrink:0}.elementor-widget-divider .elementor-icon{font-size:var(--divider-icon-size)}.elementor-widget-divider .elementor-divider-separator{display:flex;margin:0;direction:ltr}.elementor-widget-divider--view-line_icon .elementor-divider-separator,.elementor-widget-divider--view-line_text .elementor-divider-separator{align-items:center}.elementor-widget-divider--view-line_icon .elementor-divider-separator:after,.elementor-widget-divider--view-line_icon .elementor-divider-separator:before,.elementor-widget-divider--view-line_text .elementor-divider-separator:after,.elementor-widget-divider--view-line_text .elementor-divider-separator:before{display:block;content:\"\";border-block-end:0;flex-grow:1;border-block-start:var(--divider-border-width) var(--divider-border-style) var(--divider-color)}.elementor-widget-divider--element-align-left .elementor-divider .elementor-divider-separator>.elementor-divider__svg:first-of-type{flex-grow:0;flex-shrink:100}.elementor-widget-divider--element-align-left .elementor-divider-separator:before{content:none}.elementor-widget-divider--element-align-left .elementor-divider__element{margin-left:0}.elementor-widget-divider--element-align-right .elementor-divider .elementor-divider-separator>.elementor-divider__svg:last-of-type{flex-grow:0;flex-shrink:100}.elementor-widget-divider--element-align-right .elementor-divider-separator:after{content:none}.elementor-widget-divider--element-align-right .elementor-divider__element{margin-right:0}.elementor-widget-divider--element-align-start .elementor-divider .elementor-divider-separator>.elementor-divider__svg:first-of-type{flex-grow:0;flex-shrink:100}.elementor-widget-divider--element-align-start .elementor-divider-separator:before{content:none}.elementor-widget-divider--element-align-start .elementor-divider__element{margin-inline-start:0}.elementor-widget-divider--element-align-end .elementor-divider .elementor-divider-separator>.elementor-divider__svg:last-of-type{flex-grow:0;flex-shrink:100}.elementor-widget-divider--element-align-end .elementor-divider-separator:after{content:none}.elementor-widget-divider--element-align-end .elementor-divider__element{margin-inline-end:0}.elementor-widget-divider:not(.elementor-widget-divider--view-line_text):not(.elementor-widget-divider--view-line_icon) .elementor-divider-separator{border-block-start:var(--divider-border-width) var(--divider-border-style) var(--divider-color)}.elementor-widget-divider--separator-type-pattern{--divider-border-style:none}.elementor-widget-divider--separator-type-pattern.elementor-widget-divider--view-line .elementor-divider-separator,.elementor-widget-divider--separator-type-pattern:not(.elementor-widget-divider--view-line) .elementor-divider-separator:after,.elementor-widget-divider--separator-type-pattern:not(.elementor-widget-divider--view-line) .elementor-divider-separator:before,.elementor-widget-divider--separator-type-pattern:not([class*=elementor-widget-divider--view]) .elementor-divider-separator{width:100%;min-height:var(--divider-pattern-height);-webkit-mask-size:var(--divider-pattern-size) 100%;mask-size:var(--divider-pattern-size) 100%;-webkit-mask-repeat:var(--divider-pattern-repeat);mask-repeat:var(--divider-pattern-repeat);background-color:var(--divider-color);-webkit-mask-image:var(--divider-pattern-url);mask-image:var(--divider-pattern-url)}.elementor-widget-divider--no-spacing{--divider-pattern-size:auto}.elementor-widget-divider--bg-round{--divider-pattern-repeat:round}.rtl .elementor-widget-divider .elementor-divider__text{direction:rtl}.e-con-inner>.elementor-widget-divider,.e-con>.elementor-widget-divider{width:var(--container-widget-width,100%);--flex-grow:var(--container-widget-flex-grow)}<\/style>\t\t<div class=\"elementor-divider\">\n\t\t\t<span class=\"elementor-divider-separator\">\n\t\t\t\t\t\t<\/span>\n\t\t<\/div>\n\t\t\t\t<\/div>\n\t\t\t\t<\/div>\n\t\t\t\t\t<\/div>\n\t\t<\/div>\n\t\t\t\t\t<\/div>\n\t\t<\/section>\n\t\t\t\t<section class=\"has_ma_el_bg_slider elementor-section elementor-top-section elementor-element elementor-element-d01f7ca elementor-section-boxed elementor-section-height-default elementor-section-height-default jltma-glass-effect-no\" data-particle_enable=\"false\" data-particle-mobile-disabled=\"false\" data-id=\"d01f7ca\" data-element_type=\"section\">\n\t\t\t\t\t\t<div class=\"elementor-container elementor-column-gap-default\">\n\t\t\t\t\t<div class=\"has_ma_el_bg_slider elementor-column elementor-col-100 elementor-top-column elementor-element elementor-element-3765e83 jltma-glass-effect-no\" data-id=\"3765e83\" data-element_type=\"column\">\n\t\t\t<div class=\"elementor-widget-wrap elementor-element-populated\">\n\t\t\t\t\t\t<div class=\"elementor-element elementor-element-32bb3eb jltma-glass-effect-no elementor-widget elementor-widget-elementskit-heading\" data-id=\"32bb3eb\" data-element_type=\"widget\" data-settings=\"{&quot;ekit_we_effect_on&quot;:&quot;none&quot;}\" data-widget_type=\"elementskit-heading.default\">\n\t\t\t\t<div class=\"elementor-widget-container\">\n\t\t\t<div class=\"ekit-wid-con\" ><div class=\"ekit-heading elementskit-section-title-wraper text_left   ekit_heading_tablet-   ekit_heading_mobile- ekit-heading__title-in-left\">\t\t\t\t<div class='ekit-heading__title-wrapper'>\n\t\t\t<h1 class=\"ekit-heading--title elementskit-section-title \">Ecoles El\u00e9mentaires<\/h1><div class=\"ekit_heading_separetor_wraper ekit_heading_elementskit-border-divider ekit-dotted\"><div class=\"elementskit-border-divider ekit-dotted\"><\/div><\/div>\t\t\t\t<\/div>\n\t\t\t\t<div class='ekit-heading__content-wrapper'>\n\t\t\t\t\t\t\t<\/div>\n\t\t\t<\/div><\/div>\t\t<\/div>\n\t\t\t\t<\/div>\n\t\t\t\t\t<\/div>\n\t\t<\/div>\n\t\t\t\t\t<\/div>\n\t\t<\/section>\n\t\t\t\t<section class=\"has_ma_el_bg_slider elementor-section elementor-top-section elementor-element elementor-element-b72fdc3 elementor-section-boxed elementor-section-height-default elementor-section-height-default jltma-glass-effect-no\" data-particle_enable=\"false\" data-particle-mobile-disabled=\"false\" data-id=\"b72fdc3\" data-element_type=\"section\">\n\t\t\t\t\t\t<div class=\"elementor-container elementor-column-gap-default\">\n\t\t\t\t\t<div class=\"has_ma_el_bg_slider elementor-column elementor-col-20 elementor-top-column elementor-element elementor-element-681442a jltma-glass-effect-no\" data-id=\"681442a\" data-element_type=\"column\">\n\t\t\t<div class=\"elementor-widget-wrap elementor-element-populated\">\n\t\t\t\t\t\t<div class=\"elementor-element elementor-element-d2f874f jltma-glass-effect-no elementor-widget elementor-widget-elementskit-team\" data-id=\"d2f874f\" data-element_type=\"widget\" data-settings=\"{&quot;ekit_we_effect_on&quot;:&quot;none&quot;}\" data-widget_type=\"elementskit-team.default\">\n\t\t\t\t<div class=\"elementor-widget-container\">\n\t\t\t<div class=\"ekit-wid-con\">\t\t\t\t\t\t <div class=\"profile-square-v square-v6 no_gutters\"> \t\t\n\t\t<div class=\"profile-card elementor-animation- text-center ekit-team-style-long_height_details\">\n\t\t\t\t\t\t\n\t\t\t\t<div class=\"profile-header ekit-team-img \" >\n\t\t\t\t\t<img loading=\"lazy\" decoding=\"async\" width=\"618\" height=\"464\" src=\"https:\/\/www.ville-harnes.fr\/site\/wp-content\/uploads\/2015\/12\/P1024901-min-1024x768.jpg\" class=\"attachment-large size-large wp-image-15532\" alt=\"\" srcset=\"https:\/\/www.ville-harnes.fr\/site\/wp-content\/uploads\/2015\/12\/P1024901-min-1024x768.jpg 1024w, https:\/\/www.ville-harnes.fr\/site\/wp-content\/uploads\/2015\/12\/P1024901-min-300x225.jpg 300w, https:\/\/www.ville-harnes.fr\/site\/wp-content\/uploads\/2015\/12\/P1024901-min-768x576.jpg 768w, https:\/\/www.ville-harnes.fr\/site\/wp-content\/uploads\/2015\/12\/P1024901-min-1536x1152.jpg 1536w, https:\/\/www.ville-harnes.fr\/site\/wp-content\/uploads\/2015\/12\/P1024901-min-2048x1536.jpg 2048w\" sizes=\"(max-width: 618px) 100vw, 618px\" \/>\t\t\t\t<\/div><!-- .profile-header END -->\n\t\t\t\t\t\t\n\n\t\t\t\t<div class=\"profile-body\">\n\t\t\t\t\t\n\t\t\t\t\t<h2 class=\"profile-title\">\n\t\t\t\t\t\t\t\t\t\t\tHenri-Barbusse\t\t\t\t\t\t\t\t\t\t<\/h2>\n\t\t\t\t\t<p class=\"profile-designation\">Avenue Barbusse<\/p>\n\t\t\t\t\t\t\t\t\t\t<p class=\"profile-content\">T\u00e9l : 03.21.20.29.81\nDirecteur : Ludovic DELATTRE<\/p>\n\t\t\t\t\t\t\t\t\t<\/div><!-- .profile-body END -->\n\n\t\t\t\t\t\t\t\t<\/div>\n\t\t\t\t <\/div> \t\t\t\n\t\t\t\n\t\t\t\t<\/div>\t\t<\/div>\n\t\t\t\t<\/div>\n\t\t\t\t\t<\/div>\n\t\t<\/div>\n\t\t\t\t<div class=\"has_ma_el_bg_slider elementor-column elementor-col-20 elementor-top-column elementor-element elementor-element-b6f718f jltma-glass-effect-no\" data-id=\"b6f718f\" data-element_type=\"column\">\n\t\t\t<div class=\"elementor-widget-wrap elementor-element-populated\">\n\t\t\t\t\t\t<div class=\"elementor-element elementor-element-f6e77af jltma-glass-effect-no elementor-widget elementor-widget-elementskit-team\" data-id=\"f6e77af\" data-element_type=\"widget\" data-settings=\"{&quot;ekit_we_effect_on&quot;:&quot;none&quot;}\" data-widget_type=\"elementskit-team.default\">\n\t\t\t\t<div class=\"elementor-widget-container\">\n\t\t\t<div class=\"ekit-wid-con\">\t\t\t\t\t\t <div class=\"profile-square-v square-v6 no_gutters\"> \t\t\n\t\t<div class=\"profile-card elementor-animation- text-center ekit-team-style-long_height_details\">\n\t\t\t\t\t\t\n\t\t\t\t<div class=\"profile-header ekit-team-img \" >\n\t\t\t\t\t<img loading=\"lazy\" decoding=\"async\" width=\"618\" height=\"464\" src=\"https:\/\/www.ville-harnes.fr\/site\/wp-content\/uploads\/2015\/12\/P1024879-min-1024x768.jpg\" class=\"attachment-large size-large wp-image-15530\" alt=\"\" srcset=\"https:\/\/www.ville-harnes.fr\/site\/wp-content\/uploads\/2015\/12\/P1024879-min-1024x768.jpg 1024w, https:\/\/www.ville-harnes.fr\/site\/wp-content\/uploads\/2015\/12\/P1024879-min-300x225.jpg 300w, https:\/\/www.ville-harnes.fr\/site\/wp-content\/uploads\/2015\/12\/P1024879-min-768x576.jpg 768w, https:\/\/www.ville-harnes.fr\/site\/wp-content\/uploads\/2015\/12\/P1024879-min-1536x1152.jpg 1536w, https:\/\/www.ville-harnes.fr\/site\/wp-content\/uploads\/2015\/12\/P1024879-min-2048x1536.jpg 2048w\" sizes=\"(max-width: 618px) 100vw, 618px\" \/>\t\t\t\t<\/div><!-- .profile-header END -->\n\t\t\t\t\t\t\n\n\t\t\t\t<div class=\"profile-body\">\n\t\t\t\t\t\n\t\t\t\t\t<h2 class=\"profile-title\">\n\t\t\t\t\t\t\t\t\t\t\tJoliot-Curie\t\t\t\t\t\t\t\t\t\t<\/h2>\n\t\t\t\t\t<p class=\"profile-designation\">Rue Saint Claude<\/p>\n\t\t\t\t\t\t\t\t\t\t<p class=\"profile-content\">T\u00e9l : 03.21.78.03.40\nDirecteur : Guillaume RENAUT<\/p>\n\t\t\t\t\t\t\t\t\t<\/div><!-- .profile-body END -->\n\n\t\t\t\t\t\t\t\t<\/div>\n\t\t\t\t <\/div> \t\t\t\n\t\t\t\n\t\t\t\t<\/div>\t\t<\/div>\n\t\t\t\t<\/div>\n\t\t\t\t\t<\/div>\n\t\t<\/div>\n\t\t\t\t<div class=\"has_ma_el_bg_slider elementor-column elementor-col-20 elementor-top-column elementor-element elementor-element-308b1d0 jltma-glass-effect-no\" data-id=\"308b1d0\" data-element_type=\"column\">\n\t\t\t<div class=\"elementor-widget-wrap elementor-element-populated\">\n\t\t\t\t\t\t<div class=\"elementor-element elementor-element-c77a0a1 jltma-glass-effect-no elementor-widget elementor-widget-elementskit-team\" data-id=\"c77a0a1\" data-element_type=\"widget\" data-settings=\"{&quot;ekit_we_effect_on&quot;:&quot;none&quot;}\" data-widget_type=\"elementskit-team.default\">\n\t\t\t\t<div class=\"elementor-widget-container\">\n\t\t\t<div class=\"ekit-wid-con\">\t\t\t\t\t\t <div class=\"profile-square-v square-v6 no_gutters\"> \t\t\n\t\t<div class=\"profile-card elementor-animation- text-center ekit-team-style-long_height_details\">\n\t\t\t\t\t\t\n\t\t\t\t<div class=\"profile-header ekit-team-img \" >\n\t\t\t\t\t<img loading=\"lazy\" decoding=\"async\" width=\"618\" height=\"464\" src=\"https:\/\/www.ville-harnes.fr\/site\/wp-content\/uploads\/2015\/12\/P1025089-min-1024x768.jpg\" class=\"attachment-large size-large wp-image-15536\" alt=\"\" srcset=\"https:\/\/www.ville-harnes.fr\/site\/wp-content\/uploads\/2015\/12\/P1025089-min-1024x768.jpg 1024w, https:\/\/www.ville-harnes.fr\/site\/wp-content\/uploads\/2015\/12\/P1025089-min-300x225.jpg 300w, https:\/\/www.ville-harnes.fr\/site\/wp-content\/uploads\/2015\/12\/P1025089-min-768x576.jpg 768w, https:\/\/www.ville-harnes.fr\/site\/wp-content\/uploads\/2015\/12\/P1025089-min-1536x1152.jpg 1536w, https:\/\/www.ville-harnes.fr\/site\/wp-content\/uploads\/2015\/12\/P1025089-min-2048x1536.jpg 2048w\" sizes=\"(max-width: 618px) 100vw, 618px\" \/>\t\t\t\t<\/div><!-- .profile-header END -->\n\t\t\t\t\t\t\n\n\t\t\t\t<div class=\"profile-body\">\n\t\t\t\t\t\n\t\t\t\t\t<h2 class=\"profile-title\">\n\t\t\t\t\t\t\t\t\t\t\tDenis-Diderot\t\t\t\t\t\t\t\t\t\t<\/h2>\n\t\t\t\t\t<p class=\"profile-designation\">Rue de Montceau<\/p>\n\t\t\t\t\t\t\t\t\t\t<p class=\"profile-content\">T\u00e9l : 03.21.20.29.95\nDirecteur : Christophe PIOTROWIAK<\/p>\n\t\t\t\t\t\t\t\t\t<\/div><!-- .profile-body END -->\n\n\t\t\t\t\t\t\t\t<\/div>\n\t\t\t\t <\/div> \t\t\t\n\t\t\t\n\t\t\t\t<\/div>\t\t<\/div>\n\t\t\t\t<\/div>\n\t\t\t\t\t<\/div>\n\t\t<\/div>\n\t\t\t\t<div class=\"has_ma_el_bg_slider elementor-column elementor-col-20 elementor-top-column elementor-element elementor-element-49d46dd jltma-glass-effect-no\" data-id=\"49d46dd\" data-element_type=\"column\">\n\t\t\t<div class=\"elementor-widget-wrap elementor-element-populated\">\n\t\t\t\t\t\t<div class=\"elementor-element elementor-element-743289a jltma-glass-effect-no elementor-widget elementor-widget-elementskit-team\" data-id=\"743289a\" data-element_type=\"widget\" data-settings=\"{&quot;ekit_we_effect_on&quot;:&quot;none&quot;}\" data-widget_type=\"elementskit-team.default\">\n\t\t\t\t<div class=\"elementor-widget-container\">\n\t\t\t<div class=\"ekit-wid-con\">\t\t\t\t\t\t <div class=\"profile-square-v square-v6 no_gutters\"> \t\t\n\t\t<div class=\"profile-card elementor-animation- text-center ekit-team-style-long_height_details\">\n\t\t\t\t\t\t\n\t\t\t\t<div class=\"profile-header ekit-team-img \" >\n\t\t\t\t\t<img loading=\"lazy\" decoding=\"async\" width=\"618\" height=\"464\" src=\"https:\/\/www.ville-harnes.fr\/site\/wp-content\/uploads\/2015\/12\/P1024919-min-1024x768.jpg\" class=\"attachment-large size-large wp-image-15533\" alt=\"\" srcset=\"https:\/\/www.ville-harnes.fr\/site\/wp-content\/uploads\/2015\/12\/P1024919-min-1024x768.jpg 1024w, https:\/\/www.ville-harnes.fr\/site\/wp-content\/uploads\/2015\/12\/P1024919-min-300x225.jpg 300w, https:\/\/www.ville-harnes.fr\/site\/wp-content\/uploads\/2015\/12\/P1024919-min-768x576.jpg 768w, https:\/\/www.ville-harnes.fr\/site\/wp-content\/uploads\/2015\/12\/P1024919-min-1536x1152.jpg 1536w, https:\/\/www.ville-harnes.fr\/site\/wp-content\/uploads\/2015\/12\/P1024919-min-2048x1536.jpg 2048w\" sizes=\"(max-width: 618px) 100vw, 618px\" \/>\t\t\t\t<\/div><!-- .profile-header END -->\n\t\t\t\t\t\t\n\n\t\t\t\t<div class=\"profile-body\">\n\t\t\t\t\t\n\t\t\t\t\t<h2 class=\"profile-title\">\n\t\t\t\t\t\t\t\t\t\t\tJean-Jaur\u00e8s\t\t\t\t\t\t\t\t\t\t<\/h2>\n\t\t\t\t\t<p class=\"profile-designation\">Rue Andr\u00e9 Desprez<\/p>\n\t\t\t\t\t\t\t\t\t\t<p class=\"profile-content\">T\u00e9l : 03.21.20.01.14\nDirectrice : Perrine PRIEM <\/p>\n\t\t\t\t\t\t\t\t\t<\/div><!-- .profile-body END -->\n\n\t\t\t\t\t\t\t\t<\/div>\n\t\t\t\t <\/div> \t\t\t\n\t\t\t\n\t\t\t\t<\/div>\t\t<\/div>\n\t\t\t\t<\/div>\n\t\t\t\t\t<\/div>\n\t\t<\/div>\n\t\t\t\t<div class=\"has_ma_el_bg_slider elementor-column elementor-col-20 elementor-top-column elementor-element elementor-element-2d9fa43 jltma-glass-effect-no\" data-id=\"2d9fa43\" data-element_type=\"column\">\n\t\t\t<div class=\"elementor-widget-wrap elementor-element-populated\">\n\t\t\t\t\t\t<div class=\"elementor-element elementor-element-6a4a6eb jltma-glass-effect-no elementor-widget elementor-widget-elementskit-team\" data-id=\"6a4a6eb\" data-element_type=\"widget\" data-settings=\"{&quot;ekit_we_effect_on&quot;:&quot;none&quot;}\" data-widget_type=\"elementskit-team.default\">\n\t\t\t\t<div class=\"elementor-widget-container\">\n\t\t\t<div class=\"ekit-wid-con\">\t\t\t\t\t\t <div class=\"profile-square-v square-v6 no_gutters\"> \t\t\n\t\t<div class=\"profile-card elementor-animation- text-center ekit-team-style-long_height_details\">\n\t\t\t\t\t\t\n\t\t\t\t<div class=\"profile-header ekit-team-img \" >\n\t\t\t\t\t<img loading=\"lazy\" decoding=\"async\" width=\"618\" height=\"618\" src=\"https:\/\/www.ville-harnes.fr\/site\/wp-content\/uploads\/2017\/06\/Icone_travaux-01.png\" class=\"attachment-large size-large wp-image-5939\" alt=\"\" srcset=\"https:\/\/www.ville-harnes.fr\/site\/wp-content\/uploads\/2017\/06\/Icone_travaux-01.png 625w, https:\/\/www.ville-harnes.fr\/site\/wp-content\/uploads\/2017\/06\/Icone_travaux-01-150x150.png 150w, https:\/\/www.ville-harnes.fr\/site\/wp-content\/uploads\/2017\/06\/Icone_travaux-01-300x300.png 300w, https:\/\/www.ville-harnes.fr\/site\/wp-content\/uploads\/2017\/06\/Icone_travaux-01-200x200.png 200w\" sizes=\"(max-width: 618px) 100vw, 618px\" \/>\t\t\t\t<\/div><!-- .profile-header END -->\n\t\t\t\t\t\t\n\n\t\t\t\t<div class=\"profile-body\">\n\t\t\t\t\t\n\t\t\t\t\t<h2 class=\"profile-title\">\n\t\t\t\t\t\t\t\t\t\t\tLouis-Pasteur\t\t\t\t\t\t\t\t\t\t<\/h2>\n\t\t\t\t\t<p class=\"profile-designation\">Rue de Poligny<\/p>\n\t\t\t\t\t\t\t\t\t\t<p class=\"profile-content\">\u00c9cole actuellement ferm\u00e9e. Les enfants sont temporairement accueillis dans l'enceinte de l'\u00e9cole Curie (rue Saint Claude).<\/p>\n\t\t\t\t\t\t\t\t\t<\/div><!-- .profile-body END -->\n\n\t\t\t\t\t\t\t\t<\/div>\n\t\t\t\t <\/div> \t\t\t\n\t\t\t\n\t\t\t\t<\/div>\t\t<\/div>\n\t\t\t\t<\/div>\n\t\t\t\t\t<\/div>\n\t\t<\/div>\n\t\t\t\t\t<\/div>\n\t\t<\/section>\n\t\t\t\t<\/div>\n\t\t","protected":false},"excerpt":{"rendered":"<p>Ecoles Maternelles Henri-Barbusse Avenue Barbusse T\u00e9l : 03.21.75.18.15 Directeur : Ludovic DELATTRE Paul-Langevin Grand&#039;Place T\u00e9l : 03.21.20.29.87 Directrice : Charlotte DEROO Louise-Michel Rue Saint Druon T\u00e9l : 03.21.20.12.58 Directrice : Christine GOUBEL Anatole-France Rue de Saint Claude T\u00e9l : 03.21.78.03.32 Directrice : Florence LANTOINE Emile-Zola Rue de Ch\u00e2teau Salins T\u00e9l : 03.21.78.63.40 Directrice : Aur\u00e9lie &hellip;<\/p>\n","protected":false},"author":2,"featured_media":2111,"comment_status":"closed","ping_status":"open","sticky":false,"template":"elementor_header_footer","format":"standard","meta":{"footnotes":""},"categories":[536,445],"tags":[],"_links":{"self":[{"href":"https:\/\/www.ville-harnes.fr\/site\/wp-json\/wp\/v2\/posts\/1106"}],"collection":[{"href":"https:\/\/www.ville-harnes.fr\/site\/wp-json\/wp\/v2\/posts"}],"about":[{"href":"https:\/\/www.ville-harnes.fr\/site\/wp-json\/wp\/v2\/types\/post"}],"author":[{"embeddable":true,"href":"https:\/\/www.ville-harnes.fr\/site\/wp-json\/wp\/v2\/users\/2"}],"replies":[{"embeddable":true,"href":"https:\/\/www.ville-harnes.fr\/site\/wp-json\/wp\/v2\/comments?post=1106"}],"version-history":[{"count":76,"href":"https:\/\/www.ville-harnes.fr\/site\/wp-json\/wp\/v2\/posts\/1106\/revisions"}],"predecessor-version":[{"id":23562,"href":"https:\/\/www.ville-harnes.fr\/site\/wp-json\/wp\/v2\/posts\/1106\/revisions\/23562"}],"wp:featuredmedia":[{"embeddable":true,"href":"https:\/\/www.ville-harnes.fr\/site\/wp-json\/wp\/v2\/media\/2111"}],"wp:attachment":[{"href":"https:\/\/www.ville-harnes.fr\/site\/wp-json\/wp\/v2\/media?parent=1106"}],"wp:term":[{"taxonomy":"category","embeddable":true,"href":"https:\/\/www.ville-harnes.fr\/site\/wp-json\/wp\/v2\/categories?post=1106"},{"taxonomy":"post_tag","embeddable":true,"href":"https:\/\/www.ville-harnes.fr\/site\/wp-json\/wp\/v2\/tags?post=1106"}],"curies":[{"name":"wp","href":"https:\/\/api.w.org\/{rel}","templated":true}]}}